{"id":7943,"date":"2011-10-19T14:46:38","date_gmt":"2011-10-19T12:46:38","guid":{"rendered":"https:\/\/www.lhr-law.de\/?p=7943"},"modified":"2017-04-07T12:24:52","modified_gmt":"2017-04-07T11:24:52","slug":"cybermobbing-ein-weiterer-fernsehbeitrag-der-kanzlei-lampmann-behn-rosenbaum","status":"publish","type":"post","link":"https:\/\/www.lhr-law.de\/en\/magazin\/cybermobbing-ein-weiterer-fernsehbeitrag-der-kanzlei-lampmann-behn-rosenbaum\/","title":{"rendered":"Cybermobbing &#8211; Ein weiterer Fernsehbeitrag der Kanzlei Lampmann, Haberkamm &amp; Rosenbaum"},"content":{"rendered":"<p style=\"text-align: justify\"><img decoding=\"async\" class=\"ngg-singlepic ngg-left alignleft\" style=\"margin-right: 15px\" title=\"virtuell oft schlimmer als im echten Leben: Mobbing\" src=\"https:\/\/www.lhr-law.de\/wp-content\/uploads\/2011\/09\/mobbing.jpeg\" alt=\"virtuell oft schlimmer als im echten Leben: Mobbing\" \/>Heute Abend zeigt der WDR um 18:50 Uhr in der <a href=\"http:\/\/programm.ard.de\/Programm\/Sender?suche=WDR+aktuelle+Stunde&amp;list=search&amp;sendung=283096918330475#top\">aktuellen Stunde<\/a> einen weiteren Beitrag zum inzwischen in den Medien sehr pr\u00e4senten Thema &#8220;Cybermobbing&#8221;. Unsere <a href=\"https:\/\/www.lhr-law.de\/kanzlei\/team\/n-haberkamm\">Rechtsanw\u00e4ltin Nina Haberkamm<\/a> wird in dem Beitrag als Expertin zu dem Thema zu Wort kommen.<\/p>\n<p style=\"text-align: justify\">Das Thema &#8220;Cybermobbing&#8221; dominiert nicht nur am heutigen Tag das aktuelle Fernsehprogramm. Nach der Sendung des WDR strahlt die ARD den von uns bereits <a href=\"https:\/\/www.lhr-law.de\/lbr-blog\/mobbing-im-internet-ein-weiterer-fernsehbeitrag-zum-thema-cybermobbing-heute-abend-um-2200-uhr-im-wdr\">angek\u00fcndigten<\/a> und <a href=\"http:\/\/www.deutscher-fernsehpreis.de\/index.php\">preisgekr\u00f6nten<\/a> Fernsehfilm <a href=\"http:\/\/programm.ard.de\/TV\/arte\/homevideo\/eid_287246652489776?list=main#top\">&#8220;Homevideo&#8221;<\/a> aus. Im Anschluss diskutiert <a href=\"http:\/\/programm.ard.de\/TV\/daserste\/anne-will\/eid_281066918207050#top\">Anne Will<\/a> das Thema &#8220;Cybermobbing&#8221; mit ihren G\u00e4sten.<\/p>\n<p style=\"text-align: justify\">Wir begr\u00fc\u00dfen die durch die Medien geschaffene breite \u00d6ffentlichkeit f\u00fcr dieses sensible Thema sehr. Denn wie in den meisten anderen F\u00e4llen auch, ist es nicht nur f\u00fcr die Betroffenen sehr hilfreich, wenn die Problematik aus der Anonymit\u00e4t und dem betretenen Schweigen herausgeholt und in der \u00d6ffentlichkeit zugunsten der Betroffenen diskutiert wird.<\/p>\n<p style=\"text-align: justify\">Inzwischen hat sich die erste Schule \u00fcber ihren Direktor an unsere Kanzlei gewandt und uns gebeten, die Lehrer der Schule losgel\u00f6st von einem konkreten Fall in einer Informationsrunde in der Schule \u00fcber das Thema &#8220;Cybermobbing&#8221; als Rechtsexperten zu informieren und in Bezug auf die rechtlichen Aspekte zu sensibilisieren. Wir haben das Mandat sehr gerne \u00fcbernommen (ha).<\/p>\n<p style=\"text-align: justify\">\n","protected":false},"excerpt":{"rendered":"<p>Heute Abend zeigt der WDR um 18:50 Uhr in der aktuellen Stunde einen weiteren Beitrag zum inzwischen in den Medien sehr pr\u00e4senten Thema &#8220;Cybermobbing&#8221;. Unsere Rechtsanw\u00e4ltin Nina Haberkamm wird in dem Beitrag als Expertin zu dem Thema zu Wort kommen. Das Thema &#8220;Cybermobbing&#8221; dominiert nicht nur am heutigen Tag das aktuelle Fernsehprogramm. Nach der Sendung [&hellip;]<\/p>\n","protected":false},"author":5,"featured_media":7007,"comment_status":"open","ping_status":"closed","sticky":false,"template":"","format":"standard","meta":{"content-type":"","footnotes":""},"categories":[1,13],"tags":[98,101,106,12,801,802,896,909,910],"class_list":["post-7943","post","type-post","status-publish","format-standard","has-post-thumbnail","hentry","category-magazin","category-medienrecht-und-persoenlichkeitsrecht","tag-cybermobbing","tag-personlichkeitsrechtsverletzung","tag-allgemeines-personlichkeitsrecht","tag-personlichkeitsrecht","tag-wdr","tag-ard","tag-homevideo","tag-aktuelle-stunde","tag-anne-will"],"amp_enabled":true,"_links":{"self":[{"href":"https:\/\/www.lhr-law.de\/en\/wp-json\/wp\/v2\/posts\/7943","targetHints":{"allow":["GET"]}}],"collection":[{"href":"https:\/\/www.lhr-law.de\/en\/wp-json\/wp\/v2\/posts"}],"about":[{"href":"https:\/\/www.lhr-law.de\/en\/wp-json\/wp\/v2\/types\/post"}],"author":[{"embeddable":true,"href":"https:\/\/www.lhr-law.de\/en\/wp-json\/wp\/v2\/users\/5"}],"replies":[{"embeddable":true,"href":"https:\/\/www.lhr-law.de\/en\/wp-json\/wp\/v2\/comments?post=7943"}],"version-history":[{"count":0,"href":"https:\/\/www.lhr-law.de\/en\/wp-json\/wp\/v2\/posts\/7943\/revisions"}],"wp:featuredmedia":[{"embeddable":true,"href":"https:\/\/www.lhr-law.de\/en\/wp-json\/wp\/v2\/media\/7007"}],"wp:attachment":[{"href":"https:\/\/www.lhr-law.de\/en\/wp-json\/wp\/v2\/media?parent=7943"}],"wp:term":[{"taxonomy":"category","embeddable":true,"href":"https:\/\/www.lhr-law.de\/en\/wp-json\/wp\/v2\/categories?post=7943"},{"taxonomy":"post_tag","embeddable":true,"href":"https:\/\/www.lhr-law.de\/en\/wp-json\/wp\/v2\/tags?post=7943"}],"curies":[{"name":"wp","href":"https:\/\/api.w.org\/{rel}","templated":true}]}}