{"id":7076,"date":"2011-09-09T08:19:42","date_gmt":"2011-09-09T06:19:42","guid":{"rendered":"https:\/\/www.lhr-law.de\/?p=7076"},"modified":"2017-04-07T12:30:40","modified_gmt":"2017-04-07T11:30:40","slug":"stille-gewalt-mobbing-im-internet","status":"publish","type":"post","link":"https:\/\/www.lhr-law.de\/en\/magazin\/stille-gewalt-mobbing-im-internet\/","title":{"rendered":"Stille Gewalt &#8211; Mobbing im Internet &#8211; Reaktionen zum TV-Beitrag in der ARD"},"content":{"rendered":"[:de]\n<p style=\"text-align: justify\"><img decoding=\"async\" class=\"ngg-singlepic ngg-left alignleft\" style=\"margin-right: 15px\" title=\"virtuell oft schlimmer als im echten Leben: Mobbing\" src=\"https:\/\/www.lhr-law.de\/wp-content\/uploads\/2011\/09\/mobbing.jpeg\" alt=\"virtuell oft schlimmer als im echten Leben: Mobbing\" \/><\/p>\n<p>Das Thema Mobbing im Internet erreicht nun auch eine breitere \u00d6ffentlichkeit.<\/p>\n<p style=\"text-align: justify\">Aufgrund der sehr vielen Reaktionen weisen wir an dieser Stelle sehr gerne <a href=\"https:\/\/www.lhr-law.de\/lbr-blog\/presse-und-medienrecht\/filmtipp-stille-gewalt-schulermobbing-im-internet-am-sonntag-im-ersten\">noch einmal<\/a> auf den\u00a0 Fernsehbeitrag der ARD vom 04.09.2011 hin, in welchem das hochaktuelle Thema &#8220;Cybermobbing&#8221; unter Mitwirkung der <a href=\"..\/kanzlei\/team\/n-haberkamm\">Rechtsanw\u00e4ltin Nina Haberkamm<\/a>\u00a0behandelt wurde.<\/p>\n<p style=\"text-align: justify\">Frau Rechtsanw\u00e4ltin Haberkamm hat in dem, dem Beitrag zugrunde liegenden Fall erfolgreich die rechtlichen Interessen der vom Cybermobbing betroffenen Sch\u00fclerin vertreten und den bestehenden Unterlassungsanspruch gegen Sch\u00fclerVZ durchsetzen k\u00f6nnen.<\/p>\n<p style=\"text-align: justify\">Der auf Grundlage dieses Falls ausgestrahlte Beitrag\u00a0\u00a0&#8220;<a href=\"http:\/\/www.ardmediathek.de\/ard\/servlet\/content\/3517136?documentId=8102408\">ARD-exklusiv: STILLE GEWALT \u2013 Sch\u00fclermobbing im Internet<\/a>\u201d hat nicht nur in der Presse, sondern insbesondere bei unmittelbar von Cybermobbing Betroffenen ein gro\u00dfes Echo ausgel\u00f6st.<\/p>\n<p style=\"text-align: justify\">F\u00fcr diejenigen, die den Beitrag nicht sehen konnten, bieten wir hier noch einmal die M\u00f6glichkeit den Film \u00fcber die Mediathek im Internet <a href=\"http:\/\/www.ardmediathek.de\/ard\/servlet\/content\/3517136?documentId=8102408\">anzusehen.<\/a><\/p>\n<p>Alle von Cybermobbing Betroffenen sollten wie unsere Mandantin in dem Beitrag die grunds\u00e4tzlich zun\u00e4chst vorgegebene Opferrolle verlassen und sich mit allen zur Verf\u00fcgung stehenden Mitteln wehren. Ganz wichtig ist es, so schnell wie m\u00f6glich nach Kenntnis des Mobbing-Sachverhaltes die erforderlichen Schritte einzuleiten. Wir ermutigen jeden Betroffenen,\u00a0sich mit unserer Kanzlei in Verbindung zu setzen, um sich gegen diese stille und besonders schwerwiegende Form der Gewalt zur Wehr zu setzen. (cr\/ca\/ha)[:en]\n<p style=\"text-align: justify\"><img decoding=\"async\" class=\"ngg-singlepic ngg-left alignleft\" style=\"margin-right: 15px\" title=\"virtuell oft schlimmer als im echten Leben: Mobbing\" src=\"https:\/\/www.lhr-law.de\/wp-content\/uploads\/2011\/09\/mobbing.jpeg\" alt=\"virtuell oft schlimmer als im echten Leben: Mobbing\" \/><\/p>\n<p>Das Thema Mobbing im Internet erreicht nun auch eine breitere \u00d6ffentlichkeit.<\/p>\n<p style=\"text-align: justify\">Aufgrund der sehr vielen Reaktionen weisen wir an dieser Stelle sehr gerne <a href=\"https:\/\/www.lhr-law.de\/lbr-blog\/presse-und-medienrecht\/filmtipp-stille-gewalt-schulermobbing-im-internet-am-sonntag-im-ersten\">noch einmal<\/a> auf den\u00a0 Fernsehbeitrag der ARD vom 04.09.2011 hin, in welchem das hochaktuelle Thema &#8220;Cybermobbing&#8221; unter Mitwirkung der <a href=\"..\/kanzlei\/team\/n-haberkamm\">Rechtsanw\u00e4ltin Nina Haberkamm<\/a>\u00a0behandelt wurde.<\/p>\n<p style=\"text-align: justify\">Frau Rechtsanw\u00e4ltin Haberkamm hat in dem, dem Beitrag zugrunde liegenden Fall erfolgreich die rechtlichen Interessen der vom Cybermobbing betroffenen Sch\u00fclerin vertreten und den bestehenden Unterlassungsanspruch gegen Sch\u00fclerVZ durchsetzen k\u00f6nnen.<\/p>\n<p style=\"text-align: justify\">Der auf Grundlage dieses Falls ausgestrahlte Beitrag\u00a0\u00a0&#8220;<a href=\"http:\/\/www.ardmediathek.de\/ard\/servlet\/content\/3517136?documentId=8102408\">ARD-exklusiv: STILLE GEWALT \u2013 Sch\u00fclermobbing im Internet<\/a>\u201d hat nicht nur in der Presse, sondern insbesondere bei unmittelbar von Cybermobbing Betroffenen ein gro\u00dfes Echo ausgel\u00f6st.<\/p>\n<p style=\"text-align: justify\">F\u00fcr diejenigen, die den Beitrag nicht sehen konnten, bieten wir hier noch einmal die M\u00f6glichkeit den Film \u00fcber die Mediathek im Internet <a href=\"http:\/\/www.ardmediathek.de\/ard\/servlet\/content\/3517136?documentId=8102408\">anzusehen.<\/a><\/p>\n<p>Alle von Cybermobbing Betroffenen sollten wie unsere Mandantin in dem Beitrag die grunds\u00e4tzlich zun\u00e4chst vorgegebene Opferrolle verlassen und sich mit allen zur Verf\u00fcgung stehenden Mitteln wehren. Ganz wichtig ist es, so schnell wie m\u00f6glich nach Kenntnis des Mobbing-Sachverhaltes die erforderlichen Schritte einzuleiten. Wir ermutigen jeden Betroffenen,\u00a0sich mit unserer Kanzlei in Verbindung zu setzen, um sich gegen diese stille und besonders schwerwiegende Form der Gewalt zur Wehr zu setzen. (cr\/ca\/ha)<\/p>\n[:]\n","protected":false},"excerpt":{"rendered":"<p>[:de] Das Thema Mobbing im Internet erreicht nun auch eine breitere \u00d6ffentlichkeit. Aufgrund der sehr vielen Reaktionen weisen wir an dieser Stelle sehr gerne noch einmal auf den\u00a0 Fernsehbeitrag der ARD vom 04.09.2011 hin, in welchem das hochaktuelle Thema &#8220;Cybermobbing&#8221; unter Mitwirkung der Rechtsanw\u00e4ltin Nina Haberkamm\u00a0behandelt wurde. Frau Rechtsanw\u00e4ltin Haberkamm hat in dem, dem Beitrag [&hellip;]<\/p>\n","protected":false},"author":6,"featured_media":7007,"comment_status":"open","ping_status":"closed","sticky":false,"template":"","format":"standard","meta":{"content-type":"","footnotes":""},"categories":[1,13],"tags":[40,71,98,100,12,294,521,801,802,2452],"class_list":["post-7076","post","type-post","status-publish","format-standard","has-post-thumbnail","hentry","category-magazin","category-medienrecht-und-persoenlichkeitsrecht","tag-storerhaftung","tag-tv-beitrag","tag-cybermobbing","tag-mobbing","tag-personlichkeitsrecht","tag-unterlassungserklarung","tag-unterlassungsanspruch","tag-wdr","tag-ard","tag-einstweilige-verfuegung"],"amp_enabled":true,"_links":{"self":[{"href":"https:\/\/www.lhr-law.de\/en\/wp-json\/wp\/v2\/posts\/7076","targetHints":{"allow":["GET"]}}],"collection":[{"href":"https:\/\/www.lhr-law.de\/en\/wp-json\/wp\/v2\/posts"}],"about":[{"href":"https:\/\/www.lhr-law.de\/en\/wp-json\/wp\/v2\/types\/post"}],"author":[{"embeddable":true,"href":"https:\/\/www.lhr-law.de\/en\/wp-json\/wp\/v2\/users\/6"}],"replies":[{"embeddable":true,"href":"https:\/\/www.lhr-law.de\/en\/wp-json\/wp\/v2\/comments?post=7076"}],"version-history":[{"count":0,"href":"https:\/\/www.lhr-law.de\/en\/wp-json\/wp\/v2\/posts\/7076\/revisions"}],"wp:featuredmedia":[{"embeddable":true,"href":"https:\/\/www.lhr-law.de\/en\/wp-json\/wp\/v2\/media\/7007"}],"wp:attachment":[{"href":"https:\/\/www.lhr-law.de\/en\/wp-json\/wp\/v2\/media?parent=7076"}],"wp:term":[{"taxonomy":"category","embeddable":true,"href":"https:\/\/www.lhr-law.de\/en\/wp-json\/wp\/v2\/categories?post=7076"},{"taxonomy":"post_tag","embeddable":true,"href":"https:\/\/www.lhr-law.de\/en\/wp-json\/wp\/v2\/tags?post=7076"}],"curies":[{"name":"wp","href":"https:\/\/api.w.org\/{rel}","templated":true}]}}