{"id":69978,"date":"2026-03-08T19:51:30","date_gmt":"2026-03-08T17:51:30","guid":{"rendered":"https:\/\/www.lhr-law.de\/?p=69978"},"modified":"2026-03-08T19:51:30","modified_gmt":"2026-03-08T17:51:30","slug":"olg-koeln-manager-magazin","status":"publish","type":"post","link":"https:\/\/www.lhr-law.de\/en\/magazin\/pressemitteilungen\/olg-koeln-manager-magazin\/","title":{"rendered":"OLG K\u00f6ln untersagt dem Manager Magazin Berichterstattung \u00fcber TPG"},"content":{"rendered":"<p><img decoding=\"async\" class=\"size-full wp-image-69417 alignleft\" src=\"https:\/\/www.lhr-law.de\/wp-content\/uploads\/2025\/08\/LHRLogo.png\" alt=\"\" width=\"200\" height=\"200\" \/><\/p>\n<div>\n<div>\n<p class=\"Body\"><span lang=\"DE\">Das Oberlandesgericht K<\/span><span lang=\"SV\">\u00f6<\/span><span lang=\"DE\">ln hat mit Urteil vom <b>26. Februar 2026 (Az. <a href=\"https:\/\/dejure.org\/dienste\/vernetzung\/rechtsprechung?Text=15%20W%207\/26\" title=\"OLG K&ouml;ln, 26.02.2026 - 15 W 7\/26: Rechtswidrige Verdachtsberichterstattung durch &Uuml;berschrift un...\">15 W 7\/26<\/a>)<\/b> dem manager magazin und mehreren verantwortlichen Redakteuren im Wege der einstweiligen Verf\u00fcgung untersagt, \u00fcber die <b>The Platform Group SE &amp; Co. KGaA<\/b> und ihren Vorstandsvorsitzenden <b>Dr. Dominik Benner<\/b> \u00fcber einzelne Sachverhalten zu berichten.<\/span><\/p>\n<\/div>\n<div>\n<p class=\"Body\"><span lang=\"EN-GB\">The Platform Group SE &amp; Co. <\/span><span lang=\"DE\">KGaA hat erstmals rechtliche Schritte gegen das Manager Magazin eingeleitet und vor dem OLG K\u00f6ln vollst\u00e4ndig Recht bekommen.<\/span><\/p>\n<\/div>\n<div>\n<p class=\"Body\"><span lang=\"DE\">Das Gericht stellte klar, dass bereits die <b>\u00dcberschrift und der Teaser eines Artikels vor einer Bezahlschranke<\/b> eine unzul\u00e4ssige identifizierende Verdachtsberichterstattung darstellt, wenn sie beim durchschnittlichen Leser den Eindruck erwecken, der betroffene Unternehmensleiter k<\/span><span lang=\"SV\">\u00f6<\/span><span lang=\"IT\">nne pers<\/span><span lang=\"SV\">\u00f6<\/span><span lang=\"DE\">nlich in strafrechtlich relevante Vorg\u00e4nge verwickelt sein.<\/span><\/p>\n<\/div>\n<div>\n<h2 class=\"Body\"><span lang=\"DE\">Gericht: Verdachtsberichterstattung ohne ausreichende Tatsachengrundlage unzul\u00e4<\/span><span lang=\"DA\">ssig<\/span><\/h2>\n<\/div>\n<div>\n<p class=\"Body\"><span lang=\"DE\">Nach Auffassung des Senats vermittelten die Formulierungen des Artikels sowie die \u00dcberschrift \u201eNeuer <\/span><span lang=\"SV\">\u00c4<\/span><span lang=\"DE\">rger im Reich des Dominik Benner\u201c sowie der Hinweis, die \u201eProbleme des Platform-Group-Chefs werden gr\u00f6\u00dfer\u201c, im Zusammenspiel mit der Erw\u00e4hnung eines angeblichen staatsanwaltschaftlichen Ermittlungsverfahrens gegen eine ehemalige Tochtergesellschaft den Eindruck, Dr. Benner k<\/span><span lang=\"SV\">\u00f6<\/span><span lang=\"DE\">nne selbst strafrechtlich verantwortlich sein.<\/span><\/p>\n<\/div>\n<div>\n<p class=\"Body\"><span lang=\"DE\">Der Senat stellte fest, dass eine solche identifizierende Verdachtsberichterstattung nur zul\u00e4ssig ist, wenn ein Mindestbestand an Beweistatsachen vorliegt und die journalistischen Sorgfaltspflichten eingehalten werden. Dazu geh<\/span><span lang=\"SV\">\u00f6<\/span><span lang=\"DE\">rt insbesondere, dass die Stellungnahme des Betroffenen angemessen ber\u00fccksichtigt wird und die Berichterstattung der Wahrheit entspricht.<\/span><\/p>\n<\/div>\n<div>\n<p class=\"Body\"><span lang=\"DE\">Diese Anforderungen sah das Gericht in dem Artikel des Manager Magazin als nicht gegeben an. Die Stellungnahme von Dr. Benner, wonach er weder Organ der betreffenden Gesellschaft gewesen sei noch ein Ermittlungsverfahren gegen ihn bekannt sei, wurde im relevanten Teil der Berichterstattung vor der Bezahlschranke bewusst nicht wiedergegeben.<\/span><\/p>\n<\/div>\n<div><\/div>\n<div>\n<p class=\"Body\"><span lang=\"DE\">Ebenfalls untersagte das Gericht die Ver<\/span><span lang=\"SV\">\u00f6<\/span><span lang=\"DE\">ffentlichung einer Abbildung von Dr. Benner im Zusammenhang mit der beanstandeten Berichterstattung. Eine Bebilderung k<\/span><span lang=\"SV\">\u00f6<\/span><span lang=\"DE\">nne die Pers<\/span><span lang=\"SV\">\u00f6<\/span><span lang=\"DE\">nlichkeitsrechtsverletzung zus\u00e4tzlich verst\u00e4rken, wenn sie mit einer unzul\u00e4ssigen Wortberichterstattung verbunden ist. Dies war hier der Fall.<\/span><\/p>\n<\/div>\n<div>\n<p class=\"Body\"><span lang=\"DE\">F\u00fcr jeden Fall der Zuwiderhandlung droht den Verf\u00fcgungsbeklagten (Manager Magazin) ein Ordnungsgeld von bis zu <b>250.000 Euro<\/b> oder <b>Ordnungshaft<\/b>. Das Urteil ist rechtskr\u00e4ftig. Es ist durch das OLG K\u00f6ln im Eilverfahren ergangen. Das Manager Magazin kann noch das Hauptsacheverfahren durchf\u00fchren.<\/span><\/p>\n<\/div>\n<div>\n<h2 class=\"Body\"><span lang=\"DE\">Gericht st\u00e4rkt Pers<\/span><span lang=\"SV\">\u00f6<\/span><span lang=\"DE\">nlichkeitsrechte gegen\u00fcber digitaler Verdachtsberichterstattung<\/span><\/h2>\n<\/div>\n<div>\n<p class=\"Body\"><span lang=\"DE\">Mit der Entscheidung betont das Oberlandesgericht K<\/span><span lang=\"SV\">\u00f6<\/span><span lang=\"DE\">ln, dass auch im digitalen Journalismus strengen rechtlichen Anforderungen an Verdachtsberichterstattung gelten.<\/span><\/p>\n<\/div>\n<div>\n<p class=\"Body\"><span lang=\"DE\">Unternehmen und ihre Organe m\u00fcssen nicht hinnehmen, dass durch suggestive oder falsche Formulierungen ein strafrechtlicher Verdacht erzeugt wird, ohne dass hierf\u00fcr eine ausreichende Tatsachengrundlage besteht.<\/span><\/p>\n<\/div>\n<div>\n<p class=\"Body\"><span lang=\"DE\">Vor dem Hintergrund der erfolgten Urteilsverk\u00fcndigung des OLG K\u00f6ln hat The Platform Group SE &amp; Co. KGaA die Kanzlei LHR beauftragt, gegen weitere Artikel des Manager Magazins juristisch vorzugehen. Mit entsprechenden Gerichtsverfahren und -urteilen wird im Jahresverlauf 2026 gerechnet.<\/span><\/p>\n<p><i><span lang=\"DE\">Offenlegung: LHR hat die Antragsteller vertreten.<\/span><\/i><\/p>\n<\/div>\n<\/div>\n","protected":false},"excerpt":{"rendered":"<p>Das Oberlandesgericht K\u00f6ln hat mit Urteil vom 26. Februar 2026 (Az. 15 W 7\/26) dem manager magazin und mehreren verantwortlichen Redakteuren im Wege der einstweiligen Verf\u00fcgung untersagt, \u00fcber die The Platform Group SE &amp; Co. KGaA und ihren Vorstandsvorsitzenden Dr. Dominik Benner \u00fcber einzelne Sachverhalten zu berichten. The Platform Group SE &amp; Co. KGaA hat [&hellip;]<\/p>\n","protected":false},"author":2,"featured_media":69417,"comment_status":"open","ping_status":"closed","sticky":false,"template":"","format":"standard","meta":{"content-type":"","footnotes":""},"categories":[1156],"tags":[20764,20765],"class_list":["post-69978","post","type-post","status-publish","format-standard","has-post-thumbnail","hentry","category-pressemitteilungen","tag-advanced-blockchain","tag-simon-telian","topic_category-medienrecht-persoenlichkeitsrecht"],"amp_enabled":true,"_links":{"self":[{"href":"https:\/\/www.lhr-law.de\/en\/wp-json\/wp\/v2\/posts\/69978","targetHints":{"allow":["GET"]}}],"collection":[{"href":"https:\/\/www.lhr-law.de\/en\/wp-json\/wp\/v2\/posts"}],"about":[{"href":"https:\/\/www.lhr-law.de\/en\/wp-json\/wp\/v2\/types\/post"}],"author":[{"embeddable":true,"href":"https:\/\/www.lhr-law.de\/en\/wp-json\/wp\/v2\/users\/2"}],"replies":[{"embeddable":true,"href":"https:\/\/www.lhr-law.de\/en\/wp-json\/wp\/v2\/comments?post=69978"}],"version-history":[{"count":2,"href":"https:\/\/www.lhr-law.de\/en\/wp-json\/wp\/v2\/posts\/69978\/revisions"}],"predecessor-version":[{"id":69980,"href":"https:\/\/www.lhr-law.de\/en\/wp-json\/wp\/v2\/posts\/69978\/revisions\/69980"}],"wp:featuredmedia":[{"embeddable":true,"href":"https:\/\/www.lhr-law.de\/en\/wp-json\/wp\/v2\/media\/69417"}],"wp:attachment":[{"href":"https:\/\/www.lhr-law.de\/en\/wp-json\/wp\/v2\/media?parent=69978"}],"wp:term":[{"taxonomy":"category","embeddable":true,"href":"https:\/\/www.lhr-law.de\/en\/wp-json\/wp\/v2\/categories?post=69978"},{"taxonomy":"post_tag","embeddable":true,"href":"https:\/\/www.lhr-law.de\/en\/wp-json\/wp\/v2\/tags?post=69978"}],"curies":[{"name":"wp","href":"https:\/\/api.w.org\/{rel}","templated":true}]}}