{"id":684,"date":"2006-09-28T17:04:00","date_gmt":"2006-09-28T15:04:00","guid":{"rendered":"https:\/\/www.lhr-law.de\/wordpress\/?p=40"},"modified":"2017-12-11T21:08:04","modified_gmt":"2017-12-11T20:08:04","slug":"umsonst-ist-nicht-mal-der-tod","status":"publish","type":"post","link":"https:\/\/www.lhr-law.de\/en\/magazin\/urheber-designrecht\/umsonst-ist-nicht-mal-der-tod\/","title":{"rendered":"Umsonst ist nicht mal der Tod"},"content":{"rendered":"<div>\n<p>Auch nach dem Tod kann das Recht am eigenen Bild von den Erben vergoldet werden. Das hat nun auch das Bundesverfassungsgericht infolge einer Entscheidung des BGH (AZ <a href=\"https:\/\/dejure.org\/dienste\/vernetzung\/rechtsprechung?Text=I%20ZR%20226\/97\" title=\"BGH, 01.12.1999 - I ZR 226\/97: Der blaue Engel; Abbildung eines Doppelg&auml;ngers als Bildnis einer...\">I ZR 226\/97<\/a>) ausdr\u00fccklich best\u00e4tigt.<\/p>\n<p>Das Gericht nahm die Verfassungsbeschwerde eines Kopiererherstellers <a href=\"http:\/\/www.bundesverfassungsgericht.de\/entscheidungen\/rk20060822_1bvr116804.html\">nicht an<\/a>, der durch eine Werbekampagne mit einer nachgestellten Szene aus dem <a href=\"http:\/\/de.wikipedia.org\/wiki\/Der_Blaue_Engel\">Blauen Engel<\/a> die Erben von Marlene Dietrich auf den Plan gerufen hatte.<\/p>\n<p>Der Hersteller hatte unter der \u00dcberschrift &#8220;Vom Blauen Engel schw\u00e4rmen, gen\u00fcgt uns nicht&#8221; die Umweltfreundlichkeit des Ger\u00e4tes hervorgehoben. Neben dem Text befand sich eine Fotografie, auf der die bekannte, appetitliche Schl\u00fcsselszene aus dem Film von einer \u00e4hnlich leicht bekleideten Person nachgestellt wurde. Zum Zeitpunkt der Werbekampagne war Marlene Dietrich bereits verstorben.<\/p>\n<\/div>\n<p>Lizenzschadensersatz gibt&#8217;s grunds\u00e4tzlich trotzdem, stellte das Verfassungsericht nun klar. Bemerkenswert ist, dass die Bundesrichter hier die Ausdehnung des Pers\u00f6nlichkeitsrechts im Wege der &#8220;richterlichen Rechtsfortbildung&#8221; auch \u00fcber die in \u00a7 22 <a href=\"http:\/\/www.gesetze-im-internet.de\/kunsturhg\/__22.html\">Kunsturhebergesetz<\/a> normierten Grenzen hinaus ausdr\u00fccklich billigen:<\/p>\n<blockquote>\n<p align=\"justify\">Heute hat sich das Recht am Bild \u00fcber diese ideelle Schutzposition hinaus entwickelt. Es ist verfassungsrechtlich nicht zu beanstanden, <a href=\"https:\/\/dejure.org\/gesetze\/KunstUrhG\/22.html\" title=\"&sect; 22 KunstUrhG\">\u00a7\u00a7 22 ff. KUG<\/a> heute so anzusehen, dass die Norm auch im Dienst von Verm\u00f6gensinteressen steht.<\/p>\n<\/blockquote>\n","protected":false},"excerpt":{"rendered":"<p>Auch nach dem Tod kann das Recht am eigenen Bild von den Erben vergoldet werden. Das hat nun auch das Bundesverfassungsgericht infolge einer Entscheidung des BGH (AZ I ZR 226\/97) ausdr\u00fccklich best\u00e4tigt. Das Gericht nahm die Verfassungsbeschwerde eines Kopiererherstellers nicht an, der durch eine Werbekampagne mit einer nachgestellten Szene aus dem Blauen Engel die Erben [&hellip;]<\/p>\n","protected":false},"author":2,"featured_media":0,"comment_status":"open","ping_status":"closed","sticky":false,"template":"","format":"standard","meta":{"content-type":"","footnotes":""},"categories":[5],"tags":[],"class_list":["post-684","post","type-post","status-publish","format-standard","hentry","category-urheber-designrecht"],"amp_enabled":true,"_links":{"self":[{"href":"https:\/\/www.lhr-law.de\/en\/wp-json\/wp\/v2\/posts\/684","targetHints":{"allow":["GET"]}}],"collection":[{"href":"https:\/\/www.lhr-law.de\/en\/wp-json\/wp\/v2\/posts"}],"about":[{"href":"https:\/\/www.lhr-law.de\/en\/wp-json\/wp\/v2\/types\/post"}],"author":[{"embeddable":true,"href":"https:\/\/www.lhr-law.de\/en\/wp-json\/wp\/v2\/users\/2"}],"replies":[{"embeddable":true,"href":"https:\/\/www.lhr-law.de\/en\/wp-json\/wp\/v2\/comments?post=684"}],"version-history":[{"count":0,"href":"https:\/\/www.lhr-law.de\/en\/wp-json\/wp\/v2\/posts\/684\/revisions"}],"wp:attachment":[{"href":"https:\/\/www.lhr-law.de\/en\/wp-json\/wp\/v2\/media?parent=684"}],"wp:term":[{"taxonomy":"category","embeddable":true,"href":"https:\/\/www.lhr-law.de\/en\/wp-json\/wp\/v2\/categories?post=684"},{"taxonomy":"post_tag","embeddable":true,"href":"https:\/\/www.lhr-law.de\/en\/wp-json\/wp\/v2\/tags?post=684"}],"curies":[{"name":"wp","href":"https:\/\/api.w.org\/{rel}","templated":true}]}}