{"id":63876,"date":"2023-01-27T07:44:56","date_gmt":"2023-01-27T05:44:56","guid":{"rendered":"https:\/\/www.lhr-law.de\/?p=63876"},"modified":"2023-01-26T21:45:40","modified_gmt":"2023-01-26T19:45:40","slug":"urlaub-verjaehren","status":"publish","type":"post","link":"https:\/\/www.lhr-law.de\/en\/magazin\/arbeitsrecht-know-how-schutz-2\/urlaub-verjaehren\/","title":{"rendered":"Grundsatzurteil zu Urlaub: Bundesarbeitsgericht begrenzt Verj\u00e4hrung endg\u00fcltig"},"content":{"rendered":"<figure id=\"attachment_63878\" aria-describedby=\"caption-attachment-63878\" style=\"width: 550px\" class=\"wp-caption alignleft\"><img decoding=\"async\" class=\"wp-image-63878 \" src=\"https:\/\/www.lhr-law.de\/wp-content\/uploads\/2023\/01\/Grundsatzurteil-zu-Urlaub-BAG-begrenzt-Verjaehrung-endgueltig-621x414.jpg\" alt=\"Urlaub Verj\u00e4hren\" width=\"550\" height=\"366\" srcset=\"https:\/\/www.lhr-law.de\/wp-content\/uploads\/2023\/01\/Grundsatzurteil-zu-Urlaub-BAG-begrenzt-Verjaehrung-endgueltig-621x414.jpg 621w, https:\/\/www.lhr-law.de\/wp-content\/uploads\/2023\/01\/Grundsatzurteil-zu-Urlaub-BAG-begrenzt-Verjaehrung-endgueltig-620x413.jpg 620w, https:\/\/www.lhr-law.de\/wp-content\/uploads\/2023\/01\/Grundsatzurteil-zu-Urlaub-BAG-begrenzt-Verjaehrung-endgueltig-311x207.jpg 311w, https:\/\/www.lhr-law.de\/wp-content\/uploads\/2023\/01\/Grundsatzurteil-zu-Urlaub-BAG-begrenzt-Verjaehrung-endgueltig-768x512.jpg 768w, https:\/\/www.lhr-law.de\/wp-content\/uploads\/2023\/01\/Grundsatzurteil-zu-Urlaub-BAG-begrenzt-Verjaehrung-endgueltig-1536x1024.jpg 1536w, https:\/\/www.lhr-law.de\/wp-content\/uploads\/2023\/01\/Grundsatzurteil-zu-Urlaub-BAG-begrenzt-Verjaehrung-endgueltig-2048x1365.jpg 2048w\" sizes=\"(max-width: 550px) 100vw, 550px\" \/><figcaption id=\"caption-attachment-63878\" class=\"wp-caption-text\">Foto von <a href=\"https:\/\/unsplash.com\/@linkhoang?utm_source=unsplash&amp;utm_medium=referral&amp;utm_content=creditCopyText\">Link Hoang<\/a> auf <a href=\"https:\/\/unsplash.com\/de\/fotos\/UoqAR2pOxMo?utm_source=unsplash&amp;utm_medium=referral&amp;utm_content=creditCopyText\">Unsplash<\/a><\/figcaption><\/figure>\n<p><em>Das Bundesarbeitsgericht (BAG) hat ein Grundsatzurteil zu Urlaubsanspr\u00fcchen von Arbeitnehmern gef\u00e4llt. Urlaub kann demnach nur verj\u00e4hren, wenn vorher ein Hinweis auf die Verj\u00e4hrung durch den Arbeitgeber erfolgte (BAG, Urteil vom 20.12.2022, Az. <\/em><a href=\"https:\/\/www.bundesarbeitsgericht.de\/sitzungsergebnis\/9-azr-266-20\/\"><em>9 AZR 266\/20<\/em><\/a><em>). Arbeitnehmer k\u00f6nnen nun unter Umst\u00e4nden Abgeltung f\u00fcr lange zur\u00fcck liegenden Urlaub fordern.<\/em><\/p>\n<p>In dem zugrundeliegenden Verfahren ging es um eine Steuerfachangestellte, die gegen ihren Arbeitgeber auf Abgeltung f\u00fcr nicht genommenen Urlaub klagte. Nach der Beendigung des <a href=\"https:\/\/www.lhr-law.de\/thema\/arbeitsrecht-geschaeftsgeheimnisse-know-how\/\">Arbeitsverh\u00e4ltnisses<\/a> zahlte der Beklagte der Steuerfachangestellten zur Abgeltung von 14 Urlaubstagen 3.201,38 Euro brutto. Die Kl\u00e4gerin verlangte jedoch auch Abgeltung f\u00fcr nicht genommenen Urlaub im Umfang von 101 Arbeitstagen aus Vorjahren \u2013 ihr Arbeitgeber weigerte sich. Das Landesarbeitsgericht sprach der Kl\u00e4gerin 17.376,64 Euro brutto zur Abgeltung weiterer 76 Arbeitstage zu.<\/p>\n<h2>Aufforderungs- und Hinweisobliegenheiten des Arbeitgebers<\/h2>\n<p>Das BAG wies die Revision des Beklagten gegen das Urteil des Landesarbeitsgerichts nun zur\u00fcck. Dar\u00fcber hinaus entschied das BAG: Der Urlaubsanspruch beginnt erst dann an zu verj\u00e4hren, wenn der Arbeitgeber den Arbeitnehmer \u00fcber seinen konkreten Urlaubsanspruch und die Verfallfristen belehrt und der Arbeitnehmer den Urlaub trotzdem nicht nimmt. Wichtig ist dabei, dass der Arbeitnehmer den Urlaub aus freien St\u00fccken nicht nimmt. Verzichtet der Arbeitnehmer auf seinen Urlaub etwa, weil sein Arbeitgeber ihn dazu dr\u00e4ngt, tritt keine Verj\u00e4hrung des Urlaubsanspruchs ein.<\/p>\n<p>Die Urlaubsanspr\u00fcche der Steuerfachangestellten seien, so das BAG, weder nach <a href=\"https:\/\/dejure.org\/gesetze\/BUrlG\/7.html\" title=\"&sect; 7 BUrlG: Zeitpunkt, &Uuml;bertragbarkeit und Abgeltung des Urlaubs\">\u00a7 7 Abs. 3 S. 1<\/a> Bundesurlaubsgesetz (BUrlG) am Ende des Kalenderjahres noch nach \u00a7 7 Abs. 3 S. 3 BurlG am Ende eines zul\u00e4ssigen \u00dcbertragungszeitraums verfallen. Auf die regelm\u00e4\u00dfige Verj\u00e4hrung nach <a href=\"https:\/\/dejure.org\/gesetze\/BGB\/195.html\" title=\"&sect; 195 BGB: Regelm&auml;&szlig;ige Verj&auml;hrungsfrist\">\u00a7 195<\/a> B\u00fcrgerliches Gesetzbuch (BGB) k\u00f6nne sich der Arbeitgeber hier nicht berufen.<\/p>\n<p>Die neue BAG-Entscheidung kann unter Umst\u00e4nden bedeuten, dass Arbeitnehmer Urlaub auch Jahre sp\u00e4ter noch nehmen k\u00f6nnen.<\/p>\n<h2>EuGH: BGB-Verj\u00e4hrung nicht immer anwendbar<\/h2>\n<p>Das BAG folgt mit seiner Rechtsprechung der <a href=\"https:\/\/www.lhr-law.de\/magazin\/arbeitsrecht-know-how-schutz-2\/urlaubsanspruch-verjaehrung\/\">Rechtsprechung des Europ\u00e4ischen Gerichtshofs<\/a>. Dieser urteilte im September 2022 bereits, dass die regelm\u00e4\u00dfige Verj\u00e4hrungsfrist des BGB keine Anwendung findet, wenn der Arbeitgeber seiner Hinweis- und Aufforderungsobliegenheit nicht nachgekommen ist.<\/p>\n<h2>Arbeitnehmerschutz in Grundrechtecharta h\u00f6herrangig<\/h2>\n<p>Der EuGH legt sein Augenmerk auf <a href=\"https:\/\/dejure.org\/gesetze\/GRCh\/31.html\" title=\"Art. 31 GRCh: Gerechte und angemessene Arbeitsbedingungen\">Art. 31 Abs. 2<\/a> der Charta der Grundrechte der Europ\u00e4ischen Union. Dieser sch\u00fctzt die Gesundheit von Arbeitnehmern. Der EuGH bewertet den Schutz der Gesundheit von Arbeitnehmern vor der M\u00f6glichkeit der Inanspruchnahme durch den Arbeitnehmer h\u00f6her als den Zweck von Verj\u00e4hrungsvorschriften, Rechtssicherheit zu gew\u00e4hrleisten. Arbeitnehmer sollen sich nicht durch die Berufung auf einen fehlenden Urlaubsantrag des Arbeitnehmers eigenen Pflichten entziehen k\u00f6nnen.<\/p>\n<p>Die BAG-Entscheidung ist bahnbrechend f\u00fcr viele Arbeitnehmerinnen und Arbeitnehmer. F\u00fcr Arbeitgeber bedeutet sie unter Umst\u00e4nden hohe Nachforderungen von Arbeitnehmern, wenn es um die Abgeltung von nicht genommenem Urlaub aus fr\u00fcheren Jahren geht.<\/p>\n","protected":false},"excerpt":{"rendered":"<p>Das Bundesarbeitsgericht (BAG) hat ein Grundsatzurteil zu Urlaubsanspr\u00fcchen von Arbeitnehmern gef\u00e4llt. Urlaub kann demnach nur verj\u00e4hren, wenn vorher ein Hinweis auf die Verj\u00e4hrung durch den Arbeitgeber erfolgte (BAG, Urteil vom 20.12.2022, Az. 9 AZR 266\/20). Arbeitnehmer k\u00f6nnen nun unter Umst\u00e4nden Abgeltung f\u00fcr lange zur\u00fcck liegenden Urlaub fordern. In dem zugrundeliegenden Verfahren ging es um eine [&hellip;]<\/p>\n","protected":false},"author":86,"featured_media":0,"comment_status":"open","ping_status":"closed","sticky":false,"template":"","format":"standard","meta":{"content-type":"","footnotes":""},"categories":[17997],"tags":[3016,18850,19532],"class_list":["post-63876","post","type-post","status-publish","format-standard","hentry","category-arbeitsrecht-know-how-schutz-2","tag-arbeitsrecht","tag-arbeitgeber","tag-urlaubsanspruch","topic_category-arbeitsrecht"],"amp_enabled":true,"_links":{"self":[{"href":"https:\/\/www.lhr-law.de\/en\/wp-json\/wp\/v2\/posts\/63876","targetHints":{"allow":["GET"]}}],"collection":[{"href":"https:\/\/www.lhr-law.de\/en\/wp-json\/wp\/v2\/posts"}],"about":[{"href":"https:\/\/www.lhr-law.de\/en\/wp-json\/wp\/v2\/types\/post"}],"author":[{"embeddable":true,"href":"https:\/\/www.lhr-law.de\/en\/wp-json\/wp\/v2\/users\/86"}],"replies":[{"embeddable":true,"href":"https:\/\/www.lhr-law.de\/en\/wp-json\/wp\/v2\/comments?post=63876"}],"version-history":[{"count":3,"href":"https:\/\/www.lhr-law.de\/en\/wp-json\/wp\/v2\/posts\/63876\/revisions"}],"predecessor-version":[{"id":63887,"href":"https:\/\/www.lhr-law.de\/en\/wp-json\/wp\/v2\/posts\/63876\/revisions\/63887"}],"wp:attachment":[{"href":"https:\/\/www.lhr-law.de\/en\/wp-json\/wp\/v2\/media?parent=63876"}],"wp:term":[{"taxonomy":"category","embeddable":true,"href":"https:\/\/www.lhr-law.de\/en\/wp-json\/wp\/v2\/categories?post=63876"},{"taxonomy":"post_tag","embeddable":true,"href":"https:\/\/www.lhr-law.de\/en\/wp-json\/wp\/v2\/tags?post=63876"}],"curies":[{"name":"wp","href":"https:\/\/api.w.org\/{rel}","templated":true}]}}