{"id":61607,"date":"2022-07-01T07:54:59","date_gmt":"2022-07-01T05:54:59","guid":{"rendered":"https:\/\/www.lhr-law.de\/?p=61607"},"modified":"2022-06-30T18:55:47","modified_gmt":"2022-06-30T16:55:47","slug":"alles-bequem-im-blick-bgh-stellt-bedingung-fuer-korrekte-grundpreisangabe-klar","status":"publish","type":"post","link":"https:\/\/www.lhr-law.de\/en\/magazin\/wettbewerbsrecht-kartellrecht\/alles-bequem-im-blick-bgh-stellt-bedingung-fuer-korrekte-grundpreisangabe-klar\/","title":{"rendered":"Alles bequem im Blick. BGH stellt Bedingung f\u00fcr korrekte Grundpreisangabe klar"},"content":{"rendered":"<figure id=\"attachment_61608\" aria-describedby=\"caption-attachment-61608\" style=\"width: 561px\" class=\"wp-caption alignleft\"><img decoding=\"async\" class=\"wp-image-61608 \" src=\"https:\/\/www.lhr-law.de\/wp-content\/uploads\/2022\/06\/grundpreisangabe-621x414.jpg\" alt=\"Grundpreisangabe\" width=\"561\" height=\"374\" srcset=\"https:\/\/www.lhr-law.de\/wp-content\/uploads\/2022\/06\/grundpreisangabe-621x414.jpg 621w, https:\/\/www.lhr-law.de\/wp-content\/uploads\/2022\/06\/grundpreisangabe-620x413.jpg 620w, https:\/\/www.lhr-law.de\/wp-content\/uploads\/2022\/06\/grundpreisangabe-311x207.jpg 311w, https:\/\/www.lhr-law.de\/wp-content\/uploads\/2022\/06\/grundpreisangabe-768x512.jpg 768w, https:\/\/www.lhr-law.de\/wp-content\/uploads\/2022\/06\/grundpreisangabe-1536x1024.jpg 1536w, https:\/\/www.lhr-law.de\/wp-content\/uploads\/2022\/06\/grundpreisangabe-2048x1365.jpg 2048w\" sizes=\"(max-width: 561px) 100vw, 561px\" \/><figcaption id=\"caption-attachment-61608\" class=\"wp-caption-text\">Photo by <a href=\"https:\/\/unsplash.com\/@markusspiske?utm_source=unsplash&amp;utm_medium=referral&amp;utm_content=creditCopyText\">Markus Spiske<\/a> on <a href=\"https:\/\/unsplash.com\/s\/photos\/packaging-food?utm_source=unsplash&amp;utm_medium=referral&amp;utm_content=creditCopyText\">Unsplash<\/a><\/figcaption><\/figure>\n<p><em>In Zeiten hoher Inflation greifen einige Produzenten in die Trickkiste. Da freut man sich als Verbraucher \u00fcber die Konstanz des Schokoladenpreises und muss dann feststellen, dass es f\u00fcr den Euro nicht mehr 100 Gramm, sondern nur noch 90 Gramm gibt. Das ist nicht nur psychologisch leichter zu verkraften als die Anhebung des Preises f\u00fcr die Standard-100-Gramm-Tafel auf 1,10 Euro, sondern wird eben auch leicht mal \u00fcbersehen. Das hei\u00dft: Man merkt die Minderleistung f\u00fcr den gleichen Preis nicht, w\u00e4hrend man eine Preiserh\u00f6hung f\u00fcr die gleiche Leistung sofort bemerken w\u00fcrde. Und da das nicht nur f\u00fcr Schokolade gilt, ist das ein grunds\u00e4tzliches Problem im Rahmen des Verbraucherschutzes.<span class=\"Apple-converted-space\">\u00a0<\/span><\/em><\/p>\n<h2>Grund- und Verkaufspreis&#8230;<\/h2>\n<p>Daher gibt es die Preisangabenverordnung (PAngV), und das bereits seit 1970. Die PAngV regelt unter anderem, dass neben dem Endpreis, der pro Verkaufseinheit zu zahlen ist, zus\u00e4tzlich der Grundpreis, also der Preis bezogen auf eine \u201erunde\u201c Mengenangabe des Produkts (ein Liter, 100 Gramm, ein Kilogramm etc.) angegeben werden muss. Die konkrete Gestaltung der Preisauszeichnung war jedoch bislang nicht ganz eindeutig gekl\u00e4rt. Etwa blieb die Frage offen, wo die Grundpreisangabe stehen muss. Er soll gut wahrnehmbar sein, der Grundpreis, doch was hei\u00dft das genau?<span class=\"Apple-converted-space\">\u00a0<\/span><\/p>\n<h2>&#8230;auf einen Blick wahrnehmbar<\/h2>\n<p>Dazu hat der BGH nun klar gestellt: Der Grundpreis muss in unmittelbarer N\u00e4he des Gesamtpreises angegeben werden (BGH, Urteil v. 19.5.2022, Az.: <a href=\"https:\/\/dejure.org\/dienste\/vernetzung\/rechtsprechung?Text=I%20ZR%2069\/21\" title=\"BGH, 19.05.2022 - I ZR 69\/21: Angabe des Grundpreises in unmittelbarer N&auml;he zum Gesamtpreis\">I ZR 69\/21<\/a>). Die Karlsruher Richter gaben als Kriterium f\u00fcr hinreichende N\u00e4he von Grund- und Verkaufspreis an, es m\u00fcsse gw\u00e4hrleistet sein, dass beide \u201eauf einen Blick wahrgenommen werden\u201c k\u00f6nnen. Das hatte die Rechtssprechung bsiher teilweise anders gesehen, nun ist klargestellt, was \u201eN\u00e4he\u201c in diesem Fall bedeutet.<span class=\"Apple-converted-space\">\u00a0<\/span><\/p>\n<h2>\u201eNeben\u201c hei\u00dft auch \u201enebeneinander\u201c<\/h2>\n<p>Die am 28. Mai 2022 in Kraft getretene, an der europ\u00e4ischen Preisangaben-Richtlinie (98\/6\/EG) orientierte Novellierung der PAngVO \u00e4ndere diesen Umstand nicht, betonte der BGH. Wenn es nunmehr von der Norm nicht mehr verlangt wird, dass der Grundpreis \u201ein unmittelbarer N\u00e4he\u201c zum Gesamtpreis der Verkaufseinheit stehen, sondern lediglich \u201eneben\u201c diesem genannt werden soll (\u00a7 4 Abs. 1 Satz 1 PAngV), dann impliziere das eben auch, darunter eine r\u00e4umliche Bedeutung im Sinne von \u201enebeneinander\u201c zu verstehen \u2013 und nicht blo\u00df soviel wie \u201eau\u00dferdem\u201c oder \u201ezus\u00e4tzlich\u201c.<\/p>\n<h2>\u201eKlar erkennbar\u201c verlangt einfache Vergleichbarkeit<\/h2>\n<p>Zudem sei \u201eklar erkennbar\u201c in der ge\u00e4nderten PAngVO eine Anforderung an die korrekte Preisauszeichnung (\u00a7 4 Abs. 1 Satz 1 PangV). Dieser komme man f\u00fcr den Verbraucher am besten nach, wenn man auf \u201eeinfachste Weise optimale M\u00f6glichkeiten\u201c schaffe, \u201ePreise von Erzeugnissen zu beurteilen und miteinander zu vergleichen\u201c, was im Ergebnis bedeute, \u201edass Gesamtpreis und Grundpreis auch weiterhin auf einen Blick wahrnehmbar sein m\u00fcssen\u201c. Vergleichen muss man dann zwar immer noch selbst, aber so f\u00e4llt es dann vielleicht doch mal auf, dass an der Schokolade eine ganze Ecke fehlt.<\/p>\n<p><em>Der Beitrag stammt von unserem freien Autor Josef Bordat. Er ist Teil unserer Reihe \u201cBerichte aus der Parallelwelt\u201d. Dort werfen Autoren aus anderen Fachbereichen einen Blick auf die Rechtswissenschaft in Theorie und Praxis. Die Beitr\u00e4ge betrachten, anders als unsere sonstigen Fachbeitr\u00e4ge Begebenheiten und Rechtsf\u00e4lle daher auch nicht juristisch, sondern aus einem v\u00f6llig anderen Blickwinkel. Aus welchem, das soll der Beurteilung der Leser \u00fcberlassen bleiben. Interessant wird es, wie wir meinen, allemal.<\/em><\/p>\n","protected":false},"excerpt":{"rendered":"<p>In Zeiten hoher Inflation greifen einige Produzenten in die Trickkiste. Da freut man sich als Verbraucher \u00fcber die Konstanz des Schokoladenpreises und muss dann feststellen, dass es f\u00fcr den Euro nicht mehr 100 Gramm, sondern nur noch 90 Gramm gibt. Das ist nicht nur psychologisch leichter zu verkraften als die Anhebung des Preises f\u00fcr die [&hellip;]<\/p>\n","protected":false},"author":74,"featured_media":0,"comment_status":"open","ping_status":"closed","sticky":false,"template":"","format":"standard","meta":{"content-type":"","footnotes":""},"categories":[15],"tags":[3015,3002],"class_list":["post-61607","post","type-post","status-publish","format-standard","hentry","category-wettbewerbsrecht-kartellrecht","tag-wettbewerbsrecht","tag-preisangabenverordnung","topic_category-wettbewerbsrecht-kartellrecht"],"amp_enabled":true,"_links":{"self":[{"href":"https:\/\/www.lhr-law.de\/en\/wp-json\/wp\/v2\/posts\/61607","targetHints":{"allow":["GET"]}}],"collection":[{"href":"https:\/\/www.lhr-law.de\/en\/wp-json\/wp\/v2\/posts"}],"about":[{"href":"https:\/\/www.lhr-law.de\/en\/wp-json\/wp\/v2\/types\/post"}],"author":[{"embeddable":true,"href":"https:\/\/www.lhr-law.de\/en\/wp-json\/wp\/v2\/users\/74"}],"replies":[{"embeddable":true,"href":"https:\/\/www.lhr-law.de\/en\/wp-json\/wp\/v2\/comments?post=61607"}],"version-history":[{"count":2,"href":"https:\/\/www.lhr-law.de\/en\/wp-json\/wp\/v2\/posts\/61607\/revisions"}],"predecessor-version":[{"id":61631,"href":"https:\/\/www.lhr-law.de\/en\/wp-json\/wp\/v2\/posts\/61607\/revisions\/61631"}],"wp:attachment":[{"href":"https:\/\/www.lhr-law.de\/en\/wp-json\/wp\/v2\/media?parent=61607"}],"wp:term":[{"taxonomy":"category","embeddable":true,"href":"https:\/\/www.lhr-law.de\/en\/wp-json\/wp\/v2\/categories?post=61607"},{"taxonomy":"post_tag","embeddable":true,"href":"https:\/\/www.lhr-law.de\/en\/wp-json\/wp\/v2\/tags?post=61607"}],"curies":[{"name":"wp","href":"https:\/\/api.w.org\/{rel}","templated":true}]}}