{"id":53061,"date":"2020-04-25T20:31:26","date_gmt":"2020-04-25T19:31:26","guid":{"rendered":"https:\/\/www.lhr-law.de\/?p=53061"},"modified":"2020-05-05T01:07:30","modified_gmt":"2020-05-04T23:07:30","slug":"betriebsschliessung-corona-klagen","status":"publish","type":"post","link":"https:\/\/www.lhr-law.de\/en\/magazin\/vertragsrecht\/betriebsschliessung-corona-klagen\/","title":{"rendered":"Betriebsschlie\u00dfung wegen Corona: Viele Gastronomen wollen klagen"},"content":{"rendered":"<figure id=\"attachment_53064\" aria-describedby=\"caption-attachment-53064\" style=\"width: 508px\" class=\"wp-caption alignleft\"><img decoding=\"async\" class=\" wp-image-53064\" src=\"https:\/\/www.lhr-law.de\/wp-content\/uploads\/2020\/04\/Corona-schliessung.jpeg\" alt=\"\" width=\"508\" height=\"339\" \/><figcaption id=\"caption-attachment-53064\" class=\"wp-caption-text\">Photo by Denis Umpleby on Unsplash<\/figcaption><\/figure>\n<p>Die Corona-Pandemie hat uns nach wie vor fest im Griff.<\/p>\n<p>Zwar gibt es bereits einige Lockerungen (und weitere werden in Aussicht gestellt), doch die Wirtschaftskrise wird Deutschland noch lange besch\u00e4ftigen.<\/p>\n<p>Der Ifo-Gesch\u00e4ftsklimaindex st\u00fcrzte auf ein Rekordtief \u2013 w\u00e4hrend des Lockdowns hat sich die Stimmung bei den deutschen Unternehmen so stark verschlechtert wie nie zuvor.<\/p>\n<h2>Gastst\u00e4tten- und Hotelgewerbe besonders betroffen<\/h2>\n<p>Von dieser Krise sind insbesondere jene Unternehmen betroffen, die nicht einfach auf Homeoffice oder Onlinehandel umschalten k\u00f6nnen, die ohne direkten \u2013 auch engeren \u2013 Kontakt zu Menschen ihre Gesch\u00e4ftsgrundlage verlieren, z. B. das Gastst\u00e4tten- und Hotelgewerbe. Die Sch\u00e4den der Coronakrise sind bereits jetzt hoch, die Zukunftsaussichten d\u00fcster. Volksfeste werden abgesagt (zuletzt das vielleicht bekannteste: das M\u00fcnchner Oktoberfest), eine ganze Tourismussaison wird gestrichen.<\/p>\n<h2>Versicherer verstecken sich im Gewirr der Policen<\/h2>\n<p>Nun schl\u00e4gt die Stunde der Versicherungen. Denn: Gegen eine beh\u00f6rdlich angeordnete Betriebsschlie\u00dfung sind Gastronomen oft umfangreich versichert. Der Branchenverband Dehoga sch\u00e4tzt, dass sich 25.000 bis 40.000 Betriebe des Gastgewerbes gegen die Kosten einer solchen Ma\u00dfnahme abgesichert haben.<\/p>\n<p>Das Problem: Versicherungskonzerne weigern sich, die wirtschaftlichen Sch\u00e4den der Coronakrise in voller H\u00f6he zu begleichen. Ihr Argument: Sie berufen sich darauf, dass der Virustyp Corona bzw. COVID 19 nicht in der Auflistung der typischen Krankheiten enthaltenen sei, die den Versicherer ersatzpflichtig machen. Da diese Auflistung abschlie\u00dfend sei, k\u00e4me ein Versicherungsschutz nicht in Betracht. Hier kommt es auf die jeweilige Police und deren genauen Wortlaut an, d.h., der Versicherungsvertrag ist genau zu pr\u00fcfen, r\u00e4t auch der Dehoga.<\/p>\n<p class=\"hs-cta-wrapper\" id=\"hs-cta-wrapper-76dce4ec-9582-4d7c-81fc-2865db930e07\"><span class=\"hs-cta-node hs-cta-76dce4ec-9582-4d7c-81fc-2865db930e07\" id=\"hs-cta-76dce4ec-9582-4d7c-81fc-2865db930e07\"><a href=\"https:\/\/cta-redirect.hubspot.com\/cta\/redirect\/7036071\/76dce4ec-9582-4d7c-81fc-2865db930e07\" target=\"_blank\" rel=\"noopener noreferrer\"><img decoding=\"async\" class=\"hs-cta-img\" id=\"hs-cta-img-76dce4ec-9582-4d7c-81fc-2865db930e07\" style=\"border-width:0px;\" src=\"https:\/\/no-cache.hubspot.com\/cta\/default\/7036071\/76dce4ec-9582-4d7c-81fc-2865db930e07.png\"  alt=\"\"><\/a><\/span><\/p><script charset=\"utf-8\" defer src=\"https:\/\/js.hscta.net\/cta\/current.js\"><\/script><script type=\"text\/javascript\">window.addEventListener(\"load\", function () {hbspt.cta.load(7036071, \"76dce4ec-9582-4d7c-81fc-2865db930e07\", {});});<\/script>\n<h2>\u201eMeldepflichtig\u201c entspricht \u201eschlie\u00dfungsberechtigt\u201c<\/h2>\n<p>Diese Auffassung ist umstritten. So bezeichnet die Verordnung vom 1.2.2020 \u00fcber die Ausdehnung der Meldepflicht nach <a href=\"https:\/\/dejure.org\/gesetze\/IfSG\/6.html\" title=\"&sect; 6 IfSG: Meldepflichtige Krankheiten\">\u00a7 6 Absatz 1 Satz 1 Nummer 1<\/a> und <a href=\"https:\/\/dejure.org\/gesetze\/IfSG\/7.html\" title=\"&sect; 7 IfSG: Meldepflichtige Nachweise von Krankheitserregern\">\u00a7 7 Absatz 1 Satz 1<\/a> des Infektionsschutzgesetzes bereits den Verdacht einer Erkrankung in Bezug auf eine Infektion mit Corona bzw. COVID 19 ausdr\u00fccklich als meldepflichtig. Und \u201emeldepflichtig\u201c ist das Stichwort, das analog zu \u201eschlie\u00dfungsberechtigt\u201c aufzufassen ist. Generell kann sich der Versicherer also nicht herausrede. Zudem hat der Bundesgerichtshof in mehreren F\u00e4llen geurteilt, dass Zweifel bei der Auslegung von Versicherungsbedingungen grunds\u00e4tzlich zulasten des Versicherers gehen. Kein Wunder also, dass nach Dehoga-Angaben \u201eeinige Hundert\u201c Betriebe des Gastgewerbes \u201eklagebereit\u201c seien.<\/p>\n<h2>\u201e10 bis 15 Prozent\u201c \u2013 ein faires Angebot?<\/h2>\n<p>Und die Chancen stehen nicht schlecht. Zwar hat das Bayerische Wirtschaftsministerium zusammen mit den Branchenverb\u00e4nden und Versicherungsunternehmen eine L\u00f6sung f\u00fcr betroffene Gastst\u00e4tten und Hotels ausgearbeitet, die vorsieht, dass die Versicherer zwischen 10 und 15 Prozent der bei Betriebsschlie\u00dfungen jeweils vereinbarten Tagess\u00e4tze \u00fcbernehmen und an die Gastst\u00e4tten und Hotels auszahlen. Doch: \u201e10 bis 15 Prozent\u201c sind eben nicht 100 Prozent (Dehoga spricht von \u201eUntergrenze\u201c) \u2013 und Bayern ist nicht Deutschland.<\/p>\n<p>In einem Gutachten des Richters am M\u00fcnchner Oberlandesgericht, Walter Seitz, hei\u00dft es nach Angaben des Nachrichtenmagazins \u201eDer Spiegel\u201c ziemlich eindeutig, \u201edass der Anspruch auf Zahlung der Versicherungssumme bei Betriebsschlie\u00dfungsversicherungen wegen der Untersagung der \u00d6ffnung von Gastst\u00e4tten grunds\u00e4tzlich uneingeschr\u00e4nkt besteht\u201c. Das bedeutet: Es w\u00e4ren deutlich h\u00f6here Versicherungszahlungen f\u00e4llig als die in der \u201epolitischen Erkl\u00e4rung\u201c (Seitz) angebotenen \u201e10 bis 15 Prozent\u201c. Und auch nicht nur in Bayern.<\/p>\n<p>Auflistungen von Krankheiten bzw. deren Erreger in den Policen k\u00f6nnten, so Seitz, nicht abschlie\u00dfend zu verstehen sein, sondern lediglich exemplarisch. Zudem seien gem\u00e4\u00df dem Gutachten auch andere Winkelz\u00fcge der Versicherer \u201eklar abzulehnen\u201c, etwa die Anrechnung der Vorteile aus der Kurzarbeitszeitregelung auf die Versicherungsleistung.<\/p>\n<h2>Gebot der Stunde: Pr\u00fcfung der Versicherungsunterlagen<\/h2>\n<p>Ob man sich als Gastronom oder Hotelier mit einem Bruchteil der Einbu\u00dfen als Ersatzleistung zufriedengeben will, wird jeder f\u00fcr sich und seinen Fall zu pr\u00fcfen haben. Zumindest eine intensive Pr\u00fcfung des eigenen Versicherungsschutzes ist wohl jedem Betrieb des Gewerbes dringend anzuraten.<\/p>\n<p>Wir sagen Ihnen, was Sie jetzt wissen m\u00fcssen und ob es sich auch f\u00fcr Sie lohnen k\u00f6nnte, Ihre Versicherung in Anspruch zu nehmen!<\/p>\n<h2><strong><a href=\"https:\/\/www.lhr-law.de\/thema\/vertragsrecht\/schadensersatz-wegen-betriebsschliessungen-in-der-corona-krise-7-dinge-die-betroffene-wissen-muessen\">7 Dinge, die Sie jetzt wissen m\u00fcssen<\/a>:<\/strong><\/h2>\n<ul>\n<li>Mein Betrieb wurde geschlossen. Wer kommt f\u00fcr die Sch\u00e4den auf?<\/li>\n<li>Kann ich meine Versicherung in Anspruch nehmen?<\/li>\n<li>Was bedeutet \u201eSchlie\u00dfung des Betriebs nach einer beh\u00f6rdlichen Anordnung auf Grundlage des Infektionsschutzgesetzes\u201c?<\/li>\n<li>Der Versicherer zieht sich auf \u201eGefahrerh\u00f6hung\u201c zur\u00fcck \u2013 was bedeutet das?<\/li>\n<li>Was ist eine \u201eAllgefahrenversicherung\u201c?<\/li>\n<li>Ab wann bestand in Deutschland eine \u201eobjektive Gefahrerh\u00f6hung\u201c wegen Corona bzw. COVID 19?<\/li>\n<li>Die Versicherung will nicht zahlen \u2013 was nun?<\/li>\n<\/ul>\n<p><!--HubSpot Call-to-Action Code --><\/p>\n<p class=\"hs-cta-wrapper\" id=\"hs-cta-wrapper-76dce4ec-9582-4d7c-81fc-2865db930e07\"><span class=\"hs-cta-node hs-cta-76dce4ec-9582-4d7c-81fc-2865db930e07\" id=\"hs-cta-76dce4ec-9582-4d7c-81fc-2865db930e07\"><a href=\"https:\/\/cta-redirect.hubspot.com\/cta\/redirect\/7036071\/76dce4ec-9582-4d7c-81fc-2865db930e07\" target=\"_blank\" rel=\"noopener noreferrer\"><img decoding=\"async\" class=\"hs-cta-img\" id=\"hs-cta-img-76dce4ec-9582-4d7c-81fc-2865db930e07\" style=\"border-width:0px;\" src=\"https:\/\/no-cache.hubspot.com\/cta\/default\/7036071\/76dce4ec-9582-4d7c-81fc-2865db930e07.png\"  alt=\"\"><\/a><\/span><\/p><script charset=\"utf-8\" defer src=\"https:\/\/js.hscta.net\/cta\/current.js\"><\/script><script type=\"text\/javascript\">window.addEventListener(\"load\", function () {hbspt.cta.load(7036071, \"76dce4ec-9582-4d7c-81fc-2865db930e07\", {});});<\/script>\n<p>Lesen Sie dazu unsere Themenseite:<\/p>\n<ul>\n<li><a href=\"https:\/\/www.lhr-law.de\/thema\/vertragsrecht\/schadensersatz-wegen-betriebsschliessungen-in-der-corona-krise-7-dinge-die-betroffene-wissen-muessen\"><strong>Schadensersatz wegen Betriebsschlie\u00dfungen in der Corona-Krise \u2013 7 Dinge, die Betroffene wissen m\u00fcssen!<\/strong><\/a><\/li>\n<\/ul>\n","protected":false},"excerpt":{"rendered":"<p>Die Corona-Pandemie hat uns nach wie vor fest im Griff. Zwar gibt es bereits einige Lockerungen (und weitere werden in Aussicht gestellt), doch die Wirtschaftskrise wird Deutschland noch lange besch\u00e4ftigen. Der Ifo-Gesch\u00e4ftsklimaindex st\u00fcrzte auf ein Rekordtief \u2013 w\u00e4hrend des Lockdowns hat sich die Stimmung bei den deutschen Unternehmen so stark verschlechtert wie nie zuvor. Gastst\u00e4tten- [&hellip;]<\/p>\n","protected":false},"author":74,"featured_media":53064,"comment_status":"open","ping_status":"closed","sticky":false,"template":"","format":"standard","meta":{"content-type":"","footnotes":""},"categories":[18554],"tags":[18533,18589,18590],"class_list":["post-53061","post","type-post","status-publish","format-standard","has-post-thumbnail","hentry","category-vertragsrecht","tag-corona","tag-betriebsschliessung","tag-versicherung","topic_category-vertragsrecht"],"amp_enabled":true,"_links":{"self":[{"href":"https:\/\/www.lhr-law.de\/en\/wp-json\/wp\/v2\/posts\/53061","targetHints":{"allow":["GET"]}}],"collection":[{"href":"https:\/\/www.lhr-law.de\/en\/wp-json\/wp\/v2\/posts"}],"about":[{"href":"https:\/\/www.lhr-law.de\/en\/wp-json\/wp\/v2\/types\/post"}],"author":[{"embeddable":true,"href":"https:\/\/www.lhr-law.de\/en\/wp-json\/wp\/v2\/users\/74"}],"replies":[{"embeddable":true,"href":"https:\/\/www.lhr-law.de\/en\/wp-json\/wp\/v2\/comments?post=53061"}],"version-history":[{"count":0,"href":"https:\/\/www.lhr-law.de\/en\/wp-json\/wp\/v2\/posts\/53061\/revisions"}],"wp:featuredmedia":[{"embeddable":true,"href":"https:\/\/www.lhr-law.de\/en\/wp-json\/wp\/v2\/media\/53064"}],"wp:attachment":[{"href":"https:\/\/www.lhr-law.de\/en\/wp-json\/wp\/v2\/media?parent=53061"}],"wp:term":[{"taxonomy":"category","embeddable":true,"href":"https:\/\/www.lhr-law.de\/en\/wp-json\/wp\/v2\/categories?post=53061"},{"taxonomy":"post_tag","embeddable":true,"href":"https:\/\/www.lhr-law.de\/en\/wp-json\/wp\/v2\/tags?post=53061"}],"curies":[{"name":"wp","href":"https:\/\/api.w.org\/{rel}","templated":true}]}}