{"id":53036,"date":"2020-04-29T12:55:25","date_gmt":"2020-04-29T11:55:25","guid":{"rendered":"https:\/\/www.lhr-law.de\/?p=53036"},"modified":"2020-04-29T00:02:32","modified_gmt":"2020-04-28T23:02:32","slug":"markenrecht-auch-deutscher-essig-darf-balsamico-heissen","status":"publish","type":"post","link":"https:\/\/www.lhr-law.de\/en\/magazin\/markenrecht\/markenrecht-auch-deutscher-essig-darf-balsamico-heissen\/","title":{"rendered":"Markenrecht: Auch deutscher Essig darf &#8220;Balsamico&#8221; hei\u00dfen"},"content":{"rendered":"<figure id=\"attachment_53049\" aria-describedby=\"caption-attachment-53049\" style=\"width: 493px\" class=\"wp-caption alignleft\"><img decoding=\"async\" class=\"wp-image-53049\" src=\"https:\/\/www.lhr-law.de\/wp-content\/uploads\/2020\/04\/caroline-attwood-uaMwBQ_wjng-unsplash-708x398.jpg\" alt=\"Markenrecht: Auch deutscher Essig darf &quot;Balsamico&quot; hei\u00dfen\" width=\"493\" height=\"277\" srcset=\"https:\/\/www.lhr-law.de\/wp-content\/uploads\/2020\/04\/caroline-attwood-uaMwBQ_wjng-unsplash-708x398.jpg 708w, https:\/\/www.lhr-law.de\/wp-content\/uploads\/2020\/04\/caroline-attwood-uaMwBQ_wjng-unsplash-620x349.jpg 620w, https:\/\/www.lhr-law.de\/wp-content\/uploads\/2020\/04\/caroline-attwood-uaMwBQ_wjng-unsplash-768x432.jpg 768w, https:\/\/www.lhr-law.de\/wp-content\/uploads\/2020\/04\/caroline-attwood-uaMwBQ_wjng-unsplash-1536x864.jpg 1536w, https:\/\/www.lhr-law.de\/wp-content\/uploads\/2020\/04\/caroline-attwood-uaMwBQ_wjng-unsplash-2048x1152.jpg 2048w\" sizes=\"(max-width: 493px) 100vw, 493px\" \/><figcaption id=\"caption-attachment-53049\" class=\"wp-caption-text\">\u00a9carolineattwood &#8211; Unsplash.com<\/figcaption><\/figure>\n<p><em>Italiener sind besonders stolz auf ihre Esskultur. Sie ist ein wichtiger Teil ihrer Identit\u00e4t. <\/em><\/p>\n<p><em>Auch der s\u00fc\u00dfsaure Balsamico-Essig aus Modena steht in einem europ\u00e4ischen Register. <\/em><em>Die italienische Produzentenvereinigung \u201eConsorzio Tutela Aceto Balsamico di Modena\u201c wollte deswegen die Verwendung des Begriffs \u201eBalsamico\u201c durch deutsche Unternehmen verhindern. <\/em><\/p>\n<p><em>Ob &#8220;balsamico&#8221; auch aus Baden-W\u00fcrttemberg stammen darf, hat nun der EuGH entschieden (EuGH, Urteil v. 4.12.2019, Az. <a href=\"https:\/\/dejure.org\/dienste\/vernetzung\/rechtsprechung?Text=C-432\/18\" title=\"C-432\/18 (2 zugeordnete Entscheidungen)\">C-432\/18<\/a>).<\/em><\/p>\n<h2><strong>Italienische Hersteller verlangten Entfernung der Bezeichnung \u201eBalsamico\u201c von deutschem Essig<\/strong><\/h2>\n<p>Hintergrund des Urteils war eine jahrelange Auseinandersetzung zwischen der italienischen Erzeugergemeinschaft (<em>Consorzio<\/em> <em>Tutela Aceto Balsamico di Modena<\/em>) und der <em>Balema GmbH<\/em> (Deutschland), die Produkte wie Deutscher Balsamico vermarktet. Das\u00a0<em>Consorzio<\/em> forderte die Balema GmbH, die Verwendung des Begriffs \u201eBalsamico\u201c zu unterlassen. Die italienische Produzentenvereinigung begr\u00fcndete dies damit, dass die Bezeichnung gegen die in der Europ\u00e4ischen Union gesch\u00fctzte geografische Angabe \u201eAceto Balsamico di Modena\u201c (Balsamessig aus Modena, Italien) versto\u00dfe.<\/p>\n<p>Balema beantragte deshalb vor deutschen Gerichten die Feststellung, dass die Produktbezeichnungen nicht gegen die gesch\u00fctzte Angabe versto\u00dfen. Der Fall landete vor dem BGH, der den EuGH zur Auslegung des EU-Rechts anrief (BGH, Beschluss v. 12.04.2018, Az. <a href=\"https:\/\/dejure.org\/dienste\/vernetzung\/rechtsprechung?Text=I%20ZR%20253\/16\" title=\"I ZR 253\/16 (3 zugeordnete Entscheidungen)\">I ZR 253\/16<\/a>).<\/p>\n<h2 class=\"post-title\">EuGH: \u201eBalsamico\u201c und \u201eAceto\u201c <strong>als Gattungsbezeichnungen <\/strong>nicht gesch\u00fctzt<\/h2>\n<p>Der EuGH hat entschieden, dass Essig-Produkte aus Deutschland weiterhin als \u201eBalsamico\u201c vertrieben werden d\u00fcrfen. Der Begriff \u201eAceto Balsamico\u201c stellt als Teil der gesch\u00fctzten geographischen Angabe \u201eAceto Balsamico di Modena\u201c lediglich eine Gattungsbezeichnung dar. Die gesch\u00fctzte Bezeichnung &#8220;Aceto Balsamico di Modena&#8221; erstrecke sich damit nicht auf die Einzelbegriffe &#8220;aceto&#8221; und &#8220;balsamico&#8221;. Gesch\u00fctzt ist somit lediglich die Bezeichnung als Ganzes. Insbesondere sei Aceto (Essig) ein \u00fcblicher Begriff. Das Adjektiv &#8220;balsamico&#8221; werde zur Bezeichnung eines durch einen s\u00fc\u00dfsauren Geschmack gekennzeichneten Essigs verwendet.<\/p>\n<h2>Fazit<\/h2>\n<p>Auch deutscher Essig darf damit &#8220;Balsamico&#8221; hei\u00dfen. Dennoch ist bei der jeweiligen Produktvermarktung Vorsicht geboten. Die Gesamtaufmachung eines Lebensmittels darf nicht \u00fcber dessen Herkunft t\u00e4uschen. Andernfalls l\u00e4ge eine <a href=\"https:\/\/www.lhr-law.de\/thema\/wettbewerbsrecht-kartellrecht\/wettbewerbsrecht\/irrefuehrende-werbung\">Irref\u00fchrung<\/a> vor (<a href=\"https:\/\/dejure.org\/gesetze\/UWG\/2.html\" title=\"&sect; 2 UWG: Begriffsbestimmungen\">\u00a7 2 UWG<\/a>). Um kostspielige rechtliche Schritte zu vermeiden, sollten Lebensmittelunternehmen daher bei der Werbung stets vorsichtig sein bzw. sich zuvor juristisch beraten lassen.<\/p>\n","protected":false},"excerpt":{"rendered":"<p>Italiener sind besonders stolz auf ihre Esskultur. Sie ist ein wichtiger Teil ihrer Identit\u00e4t. Auch der s\u00fc\u00dfsaure Balsamico-Essig aus Modena steht in einem europ\u00e4ischen Register. Die italienische Produzentenvereinigung \u201eConsorzio Tutela Aceto Balsamico di Modena\u201c wollte deswegen die Verwendung des Begriffs \u201eBalsamico\u201c durch deutsche Unternehmen verhindern. Ob &#8220;balsamico&#8221; auch aus Baden-W\u00fcrttemberg stammen darf, hat nun der [&hellip;]<\/p>\n","protected":false},"author":2,"featured_media":0,"comment_status":"open","ping_status":"closed","sticky":false,"template":"","format":"standard","meta":{"content-type":"","footnotes":""},"categories":[10],"tags":[301,18587,18588],"class_list":["post-53036","post","type-post","status-publish","format-standard","hentry","category-markenrecht","tag-markenrecht","tag-balsamico","tag-aceto-balsamico-di-modena","topic_category-markenrecht","topic_category-lebensmittelrecht-arzneimittelrecht"],"amp_enabled":true,"_links":{"self":[{"href":"https:\/\/www.lhr-law.de\/en\/wp-json\/wp\/v2\/posts\/53036","targetHints":{"allow":["GET"]}}],"collection":[{"href":"https:\/\/www.lhr-law.de\/en\/wp-json\/wp\/v2\/posts"}],"about":[{"href":"https:\/\/www.lhr-law.de\/en\/wp-json\/wp\/v2\/types\/post"}],"author":[{"embeddable":true,"href":"https:\/\/www.lhr-law.de\/en\/wp-json\/wp\/v2\/users\/2"}],"replies":[{"embeddable":true,"href":"https:\/\/www.lhr-law.de\/en\/wp-json\/wp\/v2\/comments?post=53036"}],"version-history":[{"count":0,"href":"https:\/\/www.lhr-law.de\/en\/wp-json\/wp\/v2\/posts\/53036\/revisions"}],"wp:attachment":[{"href":"https:\/\/www.lhr-law.de\/en\/wp-json\/wp\/v2\/media?parent=53036"}],"wp:term":[{"taxonomy":"category","embeddable":true,"href":"https:\/\/www.lhr-law.de\/en\/wp-json\/wp\/v2\/categories?post=53036"},{"taxonomy":"post_tag","embeddable":true,"href":"https:\/\/www.lhr-law.de\/en\/wp-json\/wp\/v2\/tags?post=53036"}],"curies":[{"name":"wp","href":"https:\/\/api.w.org\/{rel}","templated":true}]}}