{"id":52321,"date":"2020-03-30T03:53:22","date_gmt":"2020-03-30T02:53:22","guid":{"rendered":"https:\/\/www.lhr-law.de\/?p=52321"},"modified":"2020-03-30T22:49:54","modified_gmt":"2020-03-30T21:49:54","slug":"warum-adidas-keine-miete-zahlt","status":"publish","type":"post","link":"https:\/\/www.lhr-law.de\/en\/magazin\/arbeitsrecht-know-how-schutz-2\/warum-adidas-keine-miete-zahlt\/","title":{"rendered":"Warum Adidas keine Miete mehr zahlt und der Shitstorm dennoch unberechtigt ist"},"content":{"rendered":"<figure id=\"attachment_52329\" aria-describedby=\"caption-attachment-52329\" style=\"width: 465px\" class=\"wp-caption alignleft\"><img decoding=\"async\" class=\" wp-image-52329\" src=\"https:\/\/www.lhr-law.de\/wp-content\/uploads\/2020\/03\/Adidas-zahlt-keine-Miete.jpg\" alt=\"\" width=\"465\" height=\"441\" srcset=\"https:\/\/www.lhr-law.de\/wp-content\/uploads\/2020\/03\/Adidas-zahlt-keine-Miete.jpg 615w, https:\/\/www.lhr-law.de\/wp-content\/uploads\/2020\/03\/Adidas-zahlt-keine-Miete-437x414.jpg 437w\" sizes=\"(max-width: 465px) 100vw, 465px\" \/><figcaption id=\"caption-attachment-52329\" class=\"wp-caption-text\">Photo by Charles Deluvio on Unsplash<\/figcaption><\/figure>\n<p>In den sozialen Medien tobt seit einigen Tagen der ber\u00fcchtigte Shitstorm.<\/p>\n<p><a href=\"https:\/\/www.sueddeutsche.de\/wirtschaft\/corona-adidas-deichmann-miete-1.4860662\">Hintergrund ist die Ank\u00fcndigung von unter anderem Deichmann, H&amp;M und Adidas, trotz Gewinn in den vergangenen Jahren wegen der Corona-Situation erst einmal keine Mieten mehr f\u00fcr die Filialen zu \u00fcberweisen.<\/a><\/p>\n<p>Den Anfang mit der Kritik machte Justizministerin Christine Lambrecht (SPD) &#8211; sie hatte erst vorige Woche ihr Gesetz zum Corona-Schutz von Mietern durchbekommen. Jetzt sieht das Ministerium die Regelung missbraucht.<\/p>\n<p>Insbesondere auf\u00a0Twitter machen die Nutzer ihrem \u00c4rger Luft. Es wird zum Boykott aufgerufen.<\/p>\n<p><center><\/center><\/p>\n<blockquote class=\"twitter-tweet\">\n<p dir=\"ltr\" lang=\"de\" style=\"text-align: center;\">Adidas erzielte 2019 2 Mrd Euro Gewinn. Der Vorstand verdiente \u00fcber 22 Mio Euro. Da kann man erwarten, dass Gesetze nicht absichtlich falsch verstanden werden. Trotz Finanzst\u00e4rke Miete nicht zu bezahlen, hat wenig mit Corona zu tun, sondern viel mit unsolidarischem Verhalten. <a href=\"https:\/\/t.co\/9XpNOHjJTB\">https:\/\/t.co\/9XpNOHjJTB<\/a><\/p>\n<p style=\"text-align: center;\">\u2014 Volker Ullrich (@VolkerUllrich) <a href=\"https:\/\/twitter.com\/VolkerUllrich\/status\/1243594931928813568?ref_src=twsrc%5Etfw\">March 27, 2020<\/a><\/p>\n<\/blockquote>\n<p><script async src=\"https:\/\/platform.twitter.com\/widgets.js\" charset=\"utf-8\"><\/script><\/p>\n<p>MdB und SPD-Politiker Florian Post ver\u00f6ffentlichte sogar einen Tweet mit einem Video, in dem er ein Kleidungsst\u00fcck der Marke Adidas verbrennt:<\/p>\n<p>&nbsp;<\/p>\n<blockquote class=\"twitter-tweet\">\n<p dir=\"ltr\" lang=\"de\" style=\"text-align: center;\">Ich kaufe keine adidas-Produkte mehr! Auch Vereine sollten \u00fcberlegen, wer ihr Sponsoring-Partner k\u00fcnftig und gerade nach der Corona-Krise sein sollte. Hier handelt es sich \u00fcbrigens um ein altes Polo-Shirt, f\u00fcr die Kleiderspende v\u00f6llig ungeeignet. <a href=\"https:\/\/twitter.com\/hashtag\/adidas?src=hash&amp;ref_src=twsrc%5Etfw\">#adidas<\/a> <a href=\"https:\/\/twitter.com\/hashtag\/covid_19?src=hash&amp;ref_src=twsrc%5Etfw\">#covid_19<\/a> <a href=\"https:\/\/t.co\/nzpxzneuEd\">pic.twitter.com\/nzpxzneuEd<\/a><\/p>\n<p style=\"text-align: center;\">\u2014 Florian Post (@FlorianPost) <a href=\"https:\/\/twitter.com\/FlorianPost\/status\/1244021566104625152?ref_src=twsrc%5Etfw\">March 28, 2020<\/a><\/p>\n<\/blockquote>\n<p><script async src=\"https:\/\/platform.twitter.com\/widgets.js\" charset=\u201cutf-8\"><\/script><\/p>\n<p>So weit, so dramatisch. Wie sich das auf Twitter geh\u00f6rt, gibt es auch schon einen Hashtag: #boycottadidas.<\/p>\n<p>Adidas allerdings sieht sich zu Unrecht angegangen. Es gehe nicht darum, die Miete f\u00fcr den April nicht zu bezahlen. Es gehe lediglich um eine Stundung. Man stehe dazu mit den betreffenden Vermietern in engem Austausch:<\/p>\n<blockquote><p>&#8220;Unsere Vermieter, gro\u00dfe Immobilienvermarkter und Versicherungsfonds, haben f\u00fcr diese Ma\u00dfnahme \u00fcberwiegend Verst\u00e4ndnis gezeigt. Privatpersonen, vier an der Zahl, sind von dieser Stundung ausgenommen und erhalten Ihre April-Miete wie gewohnt.\u201d<\/p><\/blockquote>\n<p>Mit anderen Worten: Die Stundungen treffen niemanden, der durch die Corona-Ma\u00dfnahmen eigentlich gesch\u00fctzt werden soll. Abgesehen davon sind gestundete Betr\u00e4ge zu verzinsen. Unter Unternehmern mit einem Zinssatz von ca. 8%.<\/p>\n<p>Auch in rechtlicher Hinsicht schie\u00dft die Kritik \u00fcber das Ziel hinaus. Denn alle Mieter m\u00fcssen unabh\u00e4ngig vom \u201eCorona-Gesetz\u201c\u00a0pr\u00fcfen, ob sie aufgrund der Schlie\u00dfung ihrer Betriebe bzw. Gesch\u00e4ftslokale die Zahlung der Miete einstellen oder diese tempor\u00e4r nur unter Vorbehalt zahlen. Die beh\u00f6rdlichen Schlie\u00dfungen k\u00f6nnten n\u00e4mlich Mietm\u00e4ngel darstellen bzw. die St\u00f6rung der Gesch\u00e4ftsgrundlage bedeuten.<\/p>\n<p>Selbstverst\u00e4ndlich sollten sich Vertragsparteien\u2013 \u00a0unabh\u00e4ngig von der Corona-Krise \u2013 stets um eine Einigung bem\u00fchen, bevor eine Partei die geschuldete Leistung schlicht verweigert. Diese Gespr\u00e4che finden im Fall Adidas \u2013 zwischen Vertragsparteien auf Augenh\u00f6he \u2013 offenbar auch statt. Dennoch w\u00e4re auch die Einstellung der Mietzahlungen kein Ausnutzen der besonderen gesetzlichen Regelungen aus Anlass der Krise, sondern eine gew\u00f6hnliche Reaktion auf jederzeit m\u00f6gliche St\u00f6rungen des Vertragsverh\u00e4ltnisses.<\/p>\n<p>Auch die Vermieter stehen \u00fcbrigens nicht zwangsl\u00e4ufig mit leeren H\u00e4nden da. Diese haben wegen der gesetzlichen und beh\u00f6rdlichen Ma\u00dfnahmen wom\u00f6glich Entsch\u00e4digungsanspr\u00fcche gegen das jeweilige Bundesland.<\/p>\n<div class=\"box \"><div class=\"box__content\"> Lesen Sie dazu auch unsere Sonderseite:<\/p>\n<ul>\n<li><strong><a href=\"https:\/\/www.lhr-law.de\/thema\/arbeitsrecht-geschaeftsgeheimnisse-know-how\/coronavirus-faq-die-wichtigsten-fragen\">Corona-FAQ: K\u00fcndigungen, Insolvenz, Entsch\u00e4digungen, Staatshilfen<\/a><\/strong><\/li>\n<\/ul>\n<\/div><\/div>\n","protected":false},"excerpt":{"rendered":"<p>In den sozialen Medien tobt seit einigen Tagen der ber\u00fcchtigte Shitstorm. Hintergrund ist die Ank\u00fcndigung von unter anderem Deichmann, H&amp;M und Adidas, trotz Gewinn in den vergangenen Jahren wegen der Corona-Situation erst einmal keine Mieten mehr f\u00fcr die Filialen zu \u00fcberweisen. Den Anfang mit der Kritik machte Justizministerin Christine Lambrecht (SPD) &#8211; sie hatte erst [&hellip;]<\/p>\n","protected":false},"author":2,"featured_media":52329,"comment_status":"open","ping_status":"closed","sticky":false,"template":"","format":"standard","meta":{"content-type":"","footnotes":""},"categories":[17997,3382],"tags":[18533,18534],"class_list":["post-52321","post","type-post","status-publish","format-standard","has-post-thumbnail","hentry","category-arbeitsrecht-know-how-schutz-2","category-kurioses-und-interessantes","tag-corona","tag-faq","topic_category-arbeitsrecht"],"amp_enabled":true,"_links":{"self":[{"href":"https:\/\/www.lhr-law.de\/en\/wp-json\/wp\/v2\/posts\/52321","targetHints":{"allow":["GET"]}}],"collection":[{"href":"https:\/\/www.lhr-law.de\/en\/wp-json\/wp\/v2\/posts"}],"about":[{"href":"https:\/\/www.lhr-law.de\/en\/wp-json\/wp\/v2\/types\/post"}],"author":[{"embeddable":true,"href":"https:\/\/www.lhr-law.de\/en\/wp-json\/wp\/v2\/users\/2"}],"replies":[{"embeddable":true,"href":"https:\/\/www.lhr-law.de\/en\/wp-json\/wp\/v2\/comments?post=52321"}],"version-history":[{"count":0,"href":"https:\/\/www.lhr-law.de\/en\/wp-json\/wp\/v2\/posts\/52321\/revisions"}],"wp:featuredmedia":[{"embeddable":true,"href":"https:\/\/www.lhr-law.de\/en\/wp-json\/wp\/v2\/media\/52329"}],"wp:attachment":[{"href":"https:\/\/www.lhr-law.de\/en\/wp-json\/wp\/v2\/media?parent=52321"}],"wp:term":[{"taxonomy":"category","embeddable":true,"href":"https:\/\/www.lhr-law.de\/en\/wp-json\/wp\/v2\/categories?post=52321"},{"taxonomy":"post_tag","embeddable":true,"href":"https:\/\/www.lhr-law.de\/en\/wp-json\/wp\/v2\/tags?post=52321"}],"curies":[{"name":"wp","href":"https:\/\/api.w.org\/{rel}","templated":true}]}}