{"id":5210,"date":"2011-06-22T09:00:00","date_gmt":"2011-06-22T07:00:00","guid":{"rendered":"https:\/\/www.lhr-law.de\/lbr-blog\/?p=5210"},"modified":"2017-03-12T21:26:18","modified_gmt":"2017-03-12T20:26:18","slug":"michael-ballack-ein-kurzer-nachruf","status":"publish","type":"post","link":"https:\/\/www.lhr-law.de\/en\/magazin\/michael-ballack-ein-kurzer-nachruf\/","title":{"rendered":"Michael Ballack \u2013 ein kurzer Nachruf"},"content":{"rendered":"<p style=\"text-align: justify\">Michael Ballack spielt Fu\u00dfball, k\u00fcnftig wohl nicht mehr im DFB-Trikot.\u00a0 Michael Ballack streitet, auf und neben dem Platz, im Trikot und \u00fcber seine Anw\u00e4lte.<\/p>\n<p style=\"text-align: justify\">Aktuell verteidigen wir eine Mandantin vor dem OLG K\u00f6ln gegen Michael Ballack. Eine Entscheidung steht noch aus. Eine andere Entscheidung ist gefallen \u2013 Michael Ballack wird nicht mehr f\u00fcr die deutsche Nationalmannschaft spielen. Nach Ballacks \u00c4u\u00dferungen wohl auch nicht mehr in einem Abschiedsspiel. Strittig ist diesbez\u00fcglich nur noch, wann und auf welche Art und Weise Michael Ballack die Entscheidung durch den Bundestrainer Jogi L\u00f6w mitgeteilt wurde.<\/p>\n<p style=\"text-align: justify\">Einen Gefallen tut sich Michael Ballack aktuell mit seinem Verhalten in dieser Sache mit Sicherheit nicht. Dass\u00a0Ballack nach der WM &#8211;\u00a0und dem \u00fcberzeugenden Auftritt der deutschen Mannschaft ohne den \u201eCapitano\u201c\u00a0&#8211; seine alte Rolle im DFB-Team nicht mehr einnehmen w\u00fcrde, war aus Sicht vieler Fu\u00dfballexperten schon lange klar. Ballack selbst wollte dies nicht einsehen. Hieraus kann man ihm keinen Vorwurf machen, es spricht sogar f\u00fcr ihn und seinen Ehrgeiz.<\/p>\n<p style=\"text-align: justify\">Nachdem Jogi L\u00f6w die Entscheidung gegen Ballack jetzt aber endg\u00fcltig \u00f6ffentlich kundgetan hat, w\u00e4re Michael Ballack sehr gut beraten gewesen, wenn er die Entscheidung akzeptiert h\u00e4tte und das vom DFB angebotene Abschiedsspiel angenommen h\u00e4tte. Die grunds\u00e4tzliche Entscheidung von L\u00f6w gegen seine Zukunft im DFB-Trikot wird er durch sein Verhalten nicht \u00e4ndern k\u00f6nnen, es gibt kein Zur\u00fcck mehr f\u00fcr Ballack.<\/p>\n<p style=\"text-align: justify\">Durch die Ablehnung des Angebotes eines Abschiedsspiels und seine \u00f6ffentlichen \u00c4u\u00dferungen erreicht er aber ein anderes Ziel:<\/p>\n<p style=\"text-align: justify\">Eine unendliche Diskussion \u00fcber seinen unr\u00fchmlichen Abgang.<\/p>\n<p style=\"text-align: justify\">Es droht die Gefahr, dass diese Diskussion seine sportlichen Leistungen bis in die ferne Zukunft \u00fcberschatten wird. Im Falle eines Abschiedsspiels h\u00e4tte man in Ruhe \u00fcber seine Verdienste f\u00fcr den deutschen Fu\u00dfball ohne st\u00f6rende Misst\u00f6ne berichten k\u00f6nnen. Diese T\u00fcr schl\u00e4gt Michael Ballack gerade mit voller Wucht zu. Manchmal w\u00e4re es vielleicht kl\u00fcger, nicht zu streiten. Vielleicht kommt Ballack am Ende doch noch zu dieser Erkenntnis und nimmt das Angebot f\u00fcr das Abschiedsspiel an.<\/p>\n<p style=\"text-align: justify\">In dem von unserer Kanzlei betreuten Gerichtsverfahren sieht Michael Ballack seine Pers\u00f6nlichkeitsrechte durch eine Berichterstattung verletzt. Und in diesem Fall entscheidet nicht der Bundestrainer, sondern der zust\u00e4ndige Senat des OLG K\u00f6ln.\u00a0Vielleicht kommt\u00a0Michael Ballack\u00a0dann\u00a0am Ende zumindest in dieser Sache\u00a0zu der Erkenntnis, dass es manchmal vielleicht besser w\u00e4re, nicht zu streiten. (ha)<\/p>\n","protected":false},"excerpt":{"rendered":"<p>Michael Ballack spielt Fu\u00dfball, k\u00fcnftig wohl nicht mehr im DFB-Trikot.\u00a0 Michael Ballack streitet, auf und neben dem Platz, im Trikot und \u00fcber seine Anw\u00e4lte. Aktuell verteidigen wir eine Mandantin vor dem OLG K\u00f6ln gegen Michael Ballack. Eine Entscheidung steht noch aus. Eine andere Entscheidung ist gefallen \u2013 Michael Ballack wird nicht mehr f\u00fcr die deutsche [&hellip;]<\/p>\n","protected":false},"author":5,"featured_media":0,"comment_status":"open","ping_status":"closed","sticky":false,"template":"","format":"standard","meta":{"content-type":"","footnotes":""},"categories":[1,13,3382],"tags":[101,155,357,593,594,595,596,597],"class_list":["post-5210","post","type-post","status-publish","format-standard","hentry","category-magazin","category-medienrecht-und-persoenlichkeitsrecht","category-kurioses-und-interessantes","tag-personlichkeitsrechtsverletzung","tag-olg-koln","tag-berichterstattung","tag-dfb","tag-jogi-low","tag-michael-ballack","tag-nationalmannschaft","tag-trikot"],"amp_enabled":true,"_links":{"self":[{"href":"https:\/\/www.lhr-law.de\/en\/wp-json\/wp\/v2\/posts\/5210","targetHints":{"allow":["GET"]}}],"collection":[{"href":"https:\/\/www.lhr-law.de\/en\/wp-json\/wp\/v2\/posts"}],"about":[{"href":"https:\/\/www.lhr-law.de\/en\/wp-json\/wp\/v2\/types\/post"}],"author":[{"embeddable":true,"href":"https:\/\/www.lhr-law.de\/en\/wp-json\/wp\/v2\/users\/5"}],"replies":[{"embeddable":true,"href":"https:\/\/www.lhr-law.de\/en\/wp-json\/wp\/v2\/comments?post=5210"}],"version-history":[{"count":0,"href":"https:\/\/www.lhr-law.de\/en\/wp-json\/wp\/v2\/posts\/5210\/revisions"}],"wp:attachment":[{"href":"https:\/\/www.lhr-law.de\/en\/wp-json\/wp\/v2\/media?parent=5210"}],"wp:term":[{"taxonomy":"category","embeddable":true,"href":"https:\/\/www.lhr-law.de\/en\/wp-json\/wp\/v2\/categories?post=5210"},{"taxonomy":"post_tag","embeddable":true,"href":"https:\/\/www.lhr-law.de\/en\/wp-json\/wp\/v2\/tags?post=5210"}],"curies":[{"name":"wp","href":"https:\/\/api.w.org\/{rel}","templated":true}]}}