{"id":39833,"date":"2018-06-26T06:15:05","date_gmt":"2018-06-26T05:15:05","guid":{"rendered":"https:\/\/www.lhr-law.de?p=39833"},"modified":"2018-12-10T18:41:05","modified_gmt":"2018-12-10T17:41:05","slug":"olg-koeln-gibt-entwarnung-fuer-fotografen-kug-gilt-auch-nach-der-dsgvo-weiter","status":"publish","type":"post","link":"https:\/\/www.lhr-law.de\/en\/magazin\/medienrecht-und-persoenlichkeitsrecht\/olg-koeln-gibt-entwarnung-fuer-fotografen-kug-gilt-auch-nach-der-dsgvo-weiter\/","title":{"rendered":"OLG K\u00f6ln gibt Entwarnung f\u00fcr Fotografen: KUG gilt auch nach der DSGVO weiter"},"content":{"rendered":"<p><img decoding=\"async\" class=\"alignleft wp-image-39847 size-full\" title=\"Bitte gehen Sie weiter, hier gibt es nichts zu sehen!\" src=\"https:\/\/www.lhr-law.de\/wp-content\/uploads\/2018\/06\/DSGVO-KUG.jpg\" alt=\"KUG gilt auch nach der DSGVO\" width=\"520\" height=\"344\" srcset=\"https:\/\/www.lhr-law.de\/wp-content\/uploads\/2018\/06\/DSGVO-KUG.jpg 520w, https:\/\/www.lhr-law.de\/wp-content\/uploads\/2018\/06\/DSGVO-KUG-90x60.jpg 90w\" sizes=\"(max-width: 520px) 100vw, 520px\" \/>Im Netz werden seit Inkrafttreten der <a href=\"https:\/\/www.lhr-law.de\/rechtsgebiete\/datenschutzrecht\/eu-datenschutz-grundverordnung\">Datenschutzgrundverordnung (DSGVO)<\/a> an vielen Stellen Horrorszenarien f\u00fcr das Ende der Fotografie heraufbeschworen, auch die Politik mischt sich ein und sch\u00fcrt so weiter Panik.<\/p>\n<h2>Viel L\u00e4rm um (fast) nichts<\/h2>\n<p>Wir haben uns daher in der letzten Zeit bem\u00fcht, etwas Licht in das rechtliche Dunkel und etwas Ruhe in die aufgebrachten Gem\u00fcter zu bringen. Die Kollegin Rosenbaum stand diesbez\u00fcglich dem WDR am 24.5.2018 in der Servicezeit Rede und Antwort:<\/p>\n<ul>\n<li><a href=\"https:\/\/www1.wdr.de\/mediathek\/video\/sendungen\/servicezeit\/video-datenschutz---was-aendert-sich-fuer-fotografen-100.html\">Rechtsanw\u00e4ltin Rosenbaum in der WDR-Servicezeit zum Thema \u201cDSGVO \u2013 \u00e4ndert sich f\u00fcr Fotografen?\u201d<\/a><\/li>\n<\/ul>\n<p>Unser Kollege Niklas Haberkamm hat dazu erst gestern in einem Gastbeitrag auf Legal Tribune Online (LTO) klargestellt, dabei h\u00e4ufig viel &#8220;Aufregung um Nichts&#8221; gemacht wird:<\/p>\n<ul>\n<li><a href=\"https:\/\/www.lto.de\/recht\/hintergruende\/h\/dsgvo-fotografie-selfies-kunst-kommerz-personenbezogene-daten-einwilligung\/\"><span class=\"reader__subline\">Die DSGVO und die Fotografie &#8211;\u00a0<\/span><span class=\"reader__topline\">Ach\u00adtung, Schnapp\u00adschuss?<\/span><\/a><\/li>\n<\/ul>\n<h2>Fr\u00fcher war klar: Das KUG geht dem Datenschutzrecht vor<\/h2>\n<p>Die Sorgen der Fotografen aufgrund der neuen Regeln der DSGVO waren allerdings nie v\u00f6llig unbegr\u00fcndet.<\/p>\n<p>Bisher wurde das Spannungsfeld zwischen <a href=\"https:\/\/www.lhr-law.de\/rechtsgebiete\/datenschutzrecht\">Datenschutz<\/a> und zwischen der\u00a0Zurschaustellung von Personenbildnissen von der der h\u00f6chstrichterlichen deutschen Rechtsprechung so aufgel\u00f6st, dass dem KunstUrhG (KUG) f\u00fcr die Ver\u00f6ffentlichung und Zurschaustellung von Personenbildnissen im Rahmen der <a href=\"https:\/\/dejure.org\/gesetze\/KunstUrhG\/22.html\" title=\"&sect; 22 KunstUrhG\">\u00a7\u00a7 22<\/a>, <a href=\"https:\/\/dejure.org\/gesetze\/KunstUrhG\/23.html\" title=\"&sect; 23 KunstUrhG\">23 KUG<\/a> Vorrang vor dem Bundesdatenschutzgesetz (BDSG) einger\u00e4umt wurde. Die Regeln des KUG waren gewisserma\u00dfen lex specialis zum Datenschutzrecht.<\/p>\n<p>Durch die DSGVO \u00e4ndert sich der Bezugsrahmen jedoch grundlegend, so dass das Verh\u00e4ltnis zwischen den Datenschutzgesetzen und dem Recht am eigenen Bild neu\u00a0justiert werden muss. Fraglich ist insbesondere, inwieweit dem nationalen Gesetzgeber neben der DSGVO eigenst\u00e4ndige Regelungsspielr\u00e4ume verbleiben oder ob nationale Regelungen wie das KUG \u2013 als im weiteren Sinne datenschutzrechtliche Regelung \u2013 im Anwendungsbereich der DSGVO verdr\u00e4ngt werden.<\/p>\n<p>Wir haben uns unter anderem in den oben erw\u00e4hnten Beitr\u00e4gen auf den Standpunkt gestellt, dass die Regeln des KUG \u00a0auch nach Geltung der DSGVO anwendbar bleiben d\u00fcrften:<\/p>\n<ul>\n<li><a href=\"https:\/\/www.lhr-law.de\/magazin\/datenschutzrecht\/dsgvo-der-datenschutz-und-die-fotografie\">DSGVO: Der Datenschutz und die Fotografie<\/a><\/li>\n<\/ul>\n<h2>Das OLG K\u00f6ln l\u00e4sst Fotografen aufatmen: KUG weiter anwendbar<\/h2>\n<p>In einem sehr aktuellen, erst k\u00fcrzlich ver\u00f6ffentlichten Beschluss vertritt das Oberlandesgericht K\u00f6ln nun eine recht \u00e4hnliche Auffassung und bringt dankenswerterweise noch etwas mehr Klarheit in die Diskussion (OLG K\u00f6ln, Beschluss v. 8.10.2018, <a href=\"https:\/\/dejure.org\/dienste\/vernetzung\/rechtsprechung?Text=15%20U%20110\/18\" title=\"15 U 110\/18 (2 zugeordnete Entscheidungen)\">15 U 110\/18<\/a>).<\/p>\n<p>Nach Auffassung des K\u00f6lner Senats erlaubt <a href=\"https:\/\/dejure.org\/gesetze\/DSGVO\/85.html\" title=\"Art. 85 DSGVO: Verarbeitung und Freiheit der Meinungs&auml;u&szlig;erung und Informationsfreiheit\">Art. 85 DSGVO<\/a> nationale Gesetze mit Abweichungen von der DSGVO zugunsten der Verarbeitung zu journalistischen Zwecken. Der Artikel enthalte damit eine \u00d6ffnungsklausel, die nicht nur neue Gesetze erlaubt, sondern auch bestehende Regelungen \u2013 soweit sie sich einf\u00fcgen \u2013 erfassen kann.<\/p>\n<p class=\"absatzLinks\">Dies insbesondere auch deshalb, da <a href=\"https:\/\/dejure.org\/gesetze\/DSGVO\/85.html\" title=\"Art. 85 DSGVO: Verarbeitung und Freiheit der Meinungs&auml;u&szlig;erung und Informationsfreiheit\">Art. 85 DSGVO<\/a> gerade den Normzweck habe, einen sonst zu bef\u00fcrchtenden Versto\u00df der DSGVO gegen die Meinungs- und Medienfreiheit zu vermeiden.<\/p>\n<p class=\"absatzLinks\">Das KUG biete\u00a0umfangreiche Abw\u00e4gungsm\u00f6glichkeiten und damit eine Ber\u00fccksichtigung auch der unionsrechtlichen Grundrechtspositionen, womit der Forderung des\u00a0Erw\u00e4gungsgrunds 153 der DSGVO Rechnung getragen werden k\u00f6nne, der in diesem Bereich nur eine bei <a href=\"https:\/\/dejure.org\/gesetze\/KunstUrhG\/22.html\" title=\"&sect; 22 KunstUrhG\">\u00a7\u00a7 22<\/a>, <a href=\"https:\/\/dejure.org\/gesetze\/KunstUrhG\/23.html\" title=\"&sect; 23 KunstUrhG\">23 KUG<\/a> ohnehin erfolgende umfassende Abw\u00e4gung der widerstreitenden Grundrechtspositionen w\u00fcnsche.<\/p>\n<p>Klartext: Bei der Ver\u00f6ffentlichung von Personenbildern gilt nach wie vor das KUG.<\/p>\n<h2>Was Fotografen nun beachten m\u00fcssen<\/h2>\n<p>Das deutsche KUG enth\u00e4lt allerdings keine Rechtsgrundlage f\u00fcr die Erhebung von Daten, sondern lediglich f\u00fcr die Ver\u00f6ffentlichung der Bildaufnahmen. Streng genommen ist in Bezug auf die Anfertigung von Personenfotos mit der Entscheidung des OLG K\u00f6ln somit zun\u00e4chst nicht viel gewonnen.<\/p>\n<p>Bez\u00fcglich der Datenerhebung, die durch die Anfertigung von Fotografien entsteht, die nach dem Willen des Gesetzgebers \u00a0sogar sp\u00e4ter rechtm\u00e4\u00dfig ver\u00f6ffentlicht werden d\u00fcrften, hatten wir bereits <a href=\"https:\/\/www.lhr-law.de\/magazin\/datenschutzrecht\/dsgvo-der-datenschutz-und-die-fotografie\">hier<\/a> darauf hingewiesen, dass diesbez\u00fcglich jedoch eine Rechtfertigung nach <a title=\"Art. 6 DSGVO: Rechtm\u00e4\u00dfigkeit der Verarbeitung\" href=\"https:\/\/dejure.org\/gesetze\/DSGVO\/6.html\" target=\"_blank\" rel=\"noopener\">Art. 6 DSGVO<\/a> in Betracht kommt.<\/p>\n<p>Es besteht ein berechtigtes Interesse der (professionellen) Fotografen, ihre k\u00fcnstlerische Bet\u00e4tigung auszu\u00fcben. Diesem Interesse stehen regelm\u00e4\u00dfig auch keine schutzw\u00fcrdigen Interessen der Betroffenen entgegen, schlie\u00dflich ist in den meisten F\u00e4llen lediglich die Sozialsph\u00e4re betroffen. Es ist aber auch in diesen F\u00e4llen stets der Einzelfall zu betrachten und die gegen\u00fcberstehenden Interessen abzuw\u00e4gen.<\/p>\n<p>Hier w\u00e4re es sicherlich statthaft, die Zul\u00e4ssigkeit der Anfertigung eines Fotos nach den Vorgaben beurteilen, wie sie das KUG f\u00fcr die den einschneidenderen Rechtseingriff, die Ver\u00f6ffentlichung, vorgibt.<\/p>\n<p>Weitere Rechtfertigungsgr\u00fcnde k\u00f6nnen die Erf\u00fcllung eines Vertrages und die Wahrnehmung berechtigter Interessen sein. Diese Gr\u00fcnde kommen insbesondere bei Auftragsfotografien in Betracht.<\/p>\n<h2>Die Informationspflichten<\/h2>\n<p>Unabh\u00e4ngig von der Frage nach der Rechtfertigung stellt sich die Frage nach den Informationspflichten nach <a href=\"https:\/\/dejure.org\/gesetze\/DSGVO\/13.html\" title=\"Art. 13 DSGVO: Informationspflicht bei Erhebung von personenbezogenen Daten bei der betroffenen Person\">Art. 13<\/a>, <a href=\"https:\/\/dejure.org\/gesetze\/DSGVO\/14.html\" title=\"Art. 14 DSGVO: Informationspflicht, wenn die personenbezogenen Daten nicht bei der betroffenen Person erhoben wurden\">14 DSGVO<\/a>.<span class=\"Apple-converted-space\">\u00a0 <\/span>Hiervon bildet <a href=\"https:\/\/dejure.org\/gesetze\/DSGVO\/11.html\" title=\"Art. 11 DSGVO: Verarbeitung, f&uuml;r die eine Identifizierung der betroffenen Person nicht erforderlich ist\">Art. 11 DSGVO<\/a> eine Ausnahme. Nach dieser Vorschrift ist ein Verantwortlicher (hier: Fotograf) nicht verpflichtet, zur blo\u00dfen Einhaltung der DSGVO zus\u00e4tzliche Informationen aufzubewahren, einzuholen oder zu verarbeiten, um die betroffene Person zu identifizieren. Dies aber nur f\u00fcr den Fall, dass die Identifizierung der betroffenen Person durch den Verantwortlichen nicht oder nicht mehr erforderlich ist.<\/p>\n<p>In der Regel hat der einzelne Fotograf jedoch weder ein Interesse daran noch die M\u00f6glichkeit, die auf dem Bild abgebildete Person ohne erheblichen Aufwand zu identifizieren. Die Identifizierung w\u00fcrde allein aus dem Grund erfolgen, um die Vorgaben der <a href=\"https:\/\/dejure.org\/gesetze\/DSGVO\/13.html\" title=\"Art. 13 DSGVO: Informationspflicht bei Erhebung von personenbezogenen Daten bei der betroffenen Person\">Art. 13<\/a>, <a href=\"https:\/\/dejure.org\/gesetze\/DSGVO\/14.html\" title=\"Art. 14 DSGVO: Informationspflicht, wenn die personenbezogenen Daten nicht bei der betroffenen Person erhoben wurden\">14 DSGVO<\/a> zu erf\u00fcllen.<\/p>\n<p>Selbst bei einer Ablehnung der Anwendbarkeit des <a href=\"https:\/\/dejure.org\/gesetze\/DSGVO\/11.html\" title=\"Art. 11 DSGVO: Verarbeitung, f&uuml;r die eine Identifizierung der betroffenen Person nicht erforderlich ist\">Art. 11 DSGVO<\/a> kommt eine Ausnahme von den Informationspflichten \u00fcber <a href=\"https:\/\/dejure.org\/gesetze\/DSGVO\/14.html\" title=\"Art. 14 DSGVO: Informationspflicht, wenn die personenbezogenen Daten nicht bei der betroffenen Person erhoben wurden\">Art. 14 Abs. 5 DSGVO<\/a> in Betracht. Demnach besteht u.a. dann keine Informationspflicht, wenn die Erteilung der Information unm\u00f6glich ist oder einen unverh\u00e4ltnism\u00e4\u00dfigen Aufwand erfordern w\u00fcrde. Gerade bei der Ablichtung gro\u00dfer Menschenmengen ist es dem Fotografen kaum m\u00f6glich, alle betroffenen Personen zu informieren.<\/p>\n<div class=\"box \"><div class=\"box__content\">\n<h3>Lesen Sie hier alle wichtigen Beitr\u00e4ge zur DSGVO:<\/h3>\n<ul>\n<li><a href=\"https:\/\/www.lhr-law.de\/magazin\/datenschutzrecht\/abmahnung-datenschutz-grundverordnung-dsgvo\"><span style=\"color: #333333;\">Abgeordneter warnt: \u201cEs wird bei der EU-DSVGO kein Pardon geben!\u201d<\/span><br \/>\n<\/a><\/li>\n<li><a href=\"https:\/\/www.lhr-law.de\/magazin\/datenschutzrecht\/dsgvo-der-datenschutz-und-die-fotografie\">DSGVO: Der Datenschutz und die Fotografie<\/a><\/li>\n<li><a href=\"https:\/\/www.lhr-law.de\/magazin\/datenschutzrecht\/dsgvo-google-neue-massnahmen-fuer-werbetreibende\">DSGVO: Google k\u00fcndigt neue Spielregeln f\u00fcr Werbetreibende an<\/a><\/li>\n<li><a href=\"https:\/\/www.lhr-law.de\/magazin\/datenschutzrecht\/wann-benoetigen-unternehmen-einen-datenschutzbeauftragten\">DSGVO: Wann ben\u00f6tigen Unternehmen einen Datenschutzbeauftragten?<\/a><\/li>\n<li><a href=\"https:\/\/www.lhr-law.de\/magazin\/datenschutzrecht\/dsgvo-die-e-mail-am-arbeitsplatz-und-der-datenschutz\">DSGVO: Die E-Mail am Arbeitsplatz und der Datenschutz<\/a><\/li>\n<li><a href=\"https:\/\/www.lhr-law.de\/magazin\/datenschutzrecht\/kopplungsverbot-datenschutz-grundverordnung-dsgvo\">Service gegen Daten: Nach dem Kopplungsverbot der DSGVO nun nicht mehr erlaubt?<\/a><\/li>\n<li><a href=\"https:\/\/www.lhr-law.de\/magazin\/datenschutzrecht\/dsgvo-der-datenschutz-und-die-fotografie\">DSGVO: Der Datenschutz und die Fotografie<\/a><\/li>\n<li><a href=\"https:\/\/www.lhr-law.de\/magazin\/datenschutzrecht\/3-dinge-die-man-zur-dsgvo-abmahnwelle-wissen-muss\">3 Dinge, die man zur DSGVO-Abmahnwelle wissen muss<\/a><\/li>\n<li><a href=\"https:\/\/www.lhr-law.de\/magazin\/medienrecht-und-persoenlichkeitsrecht\/olg-koeln-gibt-entwarnung-fuer-fotografen-kug-gilt-auch-nach-der-dsgvo-weiter\">OLG K\u00f6ln gibt Entwarnung f\u00fcr Fotografen: KUG gilt auch nach der DSGVO weiter<\/a><\/li>\n<li><a href=\"https:\/\/www.lhr-law.de\/magazin\/datenschutzrecht\/rechtsanwaeltin-rosenbaum-in-der-servicezeit-zum-thema-dsgvo\">Rechtsanw\u00e4ltin Rosenbaum in der WDR-Servicezeit zum Thema \u201cDSGVO \u2013 \u00e4ndert sich f\u00fcr Fotografen?\u201d<\/a><\/li>\n<li><a href=\"https:\/\/www.lhr-law.de\/magazin\/datenschutzrecht\/dsgvo-abmahnung\">DSGVO-Abmahnungen: LG W\u00fcrzburg erl\u00e4sst erste einstweilige Verf\u00fcgung gegen Rechtsanw\u00e4ltin<\/a><\/li>\n<li><a href=\"https:\/\/www.lhr-law.de\/magazin\/datenschutzrecht\/dsgvo-nicht-abmahnbar\">DSGVO-Abmahnungen: LG Bochum weist Antrag auf einstweilige Verf\u00fcgung zur\u00fcck<\/a><\/li>\n<li><a href=\"https:\/\/www.lhr-law.de\/magazin\/datenschutzrecht\/dsgvo-klingelschilder\">DSGVO: Muss die Wiener Hausverwaltung 220.000 Klingelschilder entfernen?<\/a><\/li>\n<li><a href=\"https:\/\/www.lhr-law.de\/magazin\/datenschutzrecht\/eu-kommision-dsgvo-abmahnbar\">DSGVO-Abmahnungen: EU-Kommission h\u00e4lt die Rechtsbehelfe Betroffener f\u00fcr abschlie\u00dfend geregelt<\/a><\/li>\n<li><a href=\"https:\/\/www.lhr-law.de\/magazin\/datenschutzrecht\/olg-hamburg-dsgvo-abmahnbar\">DSGVO-Abmahnungen eingeschr\u00e4nkt m\u00f6glich: OLG Hamburg vertritt vermittelnde Ansicht<\/a><\/li>\n<li><a href=\"https:\/\/www.lhr-law.de\/?p=41809&amp;preview=true\">DSGVO-Abmahnungen: LG Wiesbaden sagt Nein zu \u201cAbmahnbarkeit\u201d<\/a><\/li>\n<li><a href=\"https:\/\/www.lhr-law.de\/magazin\/datenschutzrecht\/schmerzensgeld-spam-e-mail\"><span style=\"color: #333333;\">DSGVO-Abmahnungen: 50 \u20ac Schmerzensgeld pro Spam-EMail?<\/span><\/a><\/li>\n<li><a href=\"https:\/\/www.lhr-law.de\/magazin\/datenschutzrecht\/erstes-bussgeld-dsgvo\">Erstes Bu\u00dfgeld wegen DSGVO-Versto\u00df: 20.000 \u20ac gegen die Chatplattform knuddels.de<\/a><\/li>\n<li><a href=\"https:\/\/www.lhr-law.de\/magazin\/datenschutzrecht\/representative-art-27-gdpr\">7 Dinge, die man zum EU-Vertreter nach Art. 27 DSGVO wissen muss<\/a><\/li>\n<li><a href=\"https:\/\/www.lhr-law.de\/magazin\/datenschutzrecht\/dsgvo-einwilligung-dokumentarpflicht\">Haare schneiden ist keine Kunst \u2013 DSGVO\/KUG Urteil zur Ver\u00f6ffentlichung von Werbevideos<\/a><\/li>\n<li><a href=\"https:\/\/www.lhr-law.de\/wp-admin\/post.php?post=42104&amp;action=edit&amp;lang=de\">DSGVO: Wann liegt eine Auftragsdatenverarbeitung im Onlinehandel vor?<\/a><\/li>\n<\/ul>\n<\/div><\/div>\n","protected":false},"excerpt":{"rendered":"<p>Im Netz werden seit Inkrafttreten der Datenschutzgrundverordnung (DSGVO) an vielen Stellen Horrorszenarien f\u00fcr das Ende der Fotografie heraufbeschworen, auch die Politik mischt sich ein und sch\u00fcrt so weiter Panik. Viel L\u00e4rm um (fast) nichts Wir haben uns daher in der letzten Zeit bem\u00fcht, etwas Licht in das rechtliche Dunkel und etwas Ruhe in die aufgebrachten [&hellip;]<\/p>\n","protected":false},"author":2,"featured_media":39847,"comment_status":"open","ping_status":"closed","sticky":false,"template":"","format":"standard","meta":{"content-type":"","footnotes":""},"categories":[13,8],"tags":[142,256,899,2889,17191],"class_list":["post-39833","post","type-post","status-publish","format-standard","has-post-thumbnail","hentry","category-medienrecht-und-persoenlichkeitsrecht","category-datenschutzrecht","tag-datenschutz","tag-einwilligung","tag-kug","tag-fotografie","tag-dsgvo"],"amp_enabled":true,"_links":{"self":[{"href":"https:\/\/www.lhr-law.de\/en\/wp-json\/wp\/v2\/posts\/39833","targetHints":{"allow":["GET"]}}],"collection":[{"href":"https:\/\/www.lhr-law.de\/en\/wp-json\/wp\/v2\/posts"}],"about":[{"href":"https:\/\/www.lhr-law.de\/en\/wp-json\/wp\/v2\/types\/post"}],"author":[{"embeddable":true,"href":"https:\/\/www.lhr-law.de\/en\/wp-json\/wp\/v2\/users\/2"}],"replies":[{"embeddable":true,"href":"https:\/\/www.lhr-law.de\/en\/wp-json\/wp\/v2\/comments?post=39833"}],"version-history":[{"count":0,"href":"https:\/\/www.lhr-law.de\/en\/wp-json\/wp\/v2\/posts\/39833\/revisions"}],"wp:featuredmedia":[{"embeddable":true,"href":"https:\/\/www.lhr-law.de\/en\/wp-json\/wp\/v2\/media\/39847"}],"wp:attachment":[{"href":"https:\/\/www.lhr-law.de\/en\/wp-json\/wp\/v2\/media?parent=39833"}],"wp:term":[{"taxonomy":"category","embeddable":true,"href":"https:\/\/www.lhr-law.de\/en\/wp-json\/wp\/v2\/categories?post=39833"},{"taxonomy":"post_tag","embeddable":true,"href":"https:\/\/www.lhr-law.de\/en\/wp-json\/wp\/v2\/tags?post=39833"}],"curies":[{"name":"wp","href":"https:\/\/api.w.org\/{rel}","templated":true}]}}