{"id":20002,"date":"2013-11-04T11:16:48","date_gmt":"2013-11-04T10:16:48","guid":{"rendered":"https:\/\/www.lhr-law.de\/?p=20002"},"modified":"2017-04-07T11:02:45","modified_gmt":"2017-04-07T10:02:45","slug":"rechtsanwalt-niklas-haberkamm-als-experte-im-ard-ratgeber-internet","status":"publish","type":"post","link":"https:\/\/www.lhr-law.de\/en\/magazin\/datenschutzrecht\/rechtsanwalt-niklas-haberkamm-als-experte-im-ard-ratgeber-internet\/","title":{"rendered":"Rechtsanwalt Niklas Haberkamm als Experte im ARD-Ratgeber Internet"},"content":{"rendered":"[:de]Die ARD hat f\u00fcr ihre <a title=\"ARD Ratgeber Internet vom 2. November 2013\" href=\"http:\/\/www.daserste.de\/information\/ratgeber-service\/internet\/sendung\/wdr\/2013\/sendung-vom-02112013-104.html\" target=\"_blank\">aktuelle Sendung Ratgeber Internet vom 02. November 2013<\/a> unseren Kollegen Rechtsanwalt Niklas Haberkamm als Rechtsexperten hinzugezogen und diesen zu den relevanten medienrechtlichen Problematiken interviewt.<\/p>\n<p><a title=\"Beitrag \" href=\"http:\/\/mediathek.daserste.de\/sendungen_a-z\/7726194_ratgeber-internet\/17916158_der-internetreporter-wo-ist-mein-smartphone-\" target=\"_blank\">In dem Beitrag<\/a> geht es unter anderem um sogenannte Tracking-Apps f\u00fcr Handys, mit welchen man ein verlorenes oder geklautes Telefon orten kann. <a title=\"Rechtsanwalt Haberkamm im Interview\" href=\"http:\/\/mediathek.daserste.de\/sendungen_a-z\/7726194_ratgeber-internet\/17897152_extra-interview-zu-der-internetreporter-wo-ist\" target=\"_blank\">In einem diesbez\u00fcglichen Interview <\/a>erkl\u00e4rt unser Kollege Niklas Haberkamm die rechtlichen Probleme in Bezug auf einen privaten Fahnungungsaufruf. So ist es beispielsweise m\u00f6glich, \u00fcber die Ortungs-App ein Foto des vermeintlichen Diebs zu machen und dieses dann im Internet unter Hinweis auf den Diebstahl zu ver\u00f6ffentlichen, um andere zur Mithilfe bei der Suche nach dem &#8220;T\u00e4ter&#8221; zu animieren.<\/p>\n<p>Unsere Kanzlei ist auf den Bereich des Medienrechts spezialisiert und vertritt sowohl Unternehmen als auch Privatpersonen in diesbez\u00fcglichen Rechtsfragen. Sie k\u00f6nnen sich gerne an uns wenden, um eine m\u00f6gliche Vertretung auch Ihrer rechtlichen Interessen zu besprechen (la).[:]\n","protected":false},"excerpt":{"rendered":"<p>[:de]Die ARD hat f\u00fcr ihre aktuelle Sendung Ratgeber Internet vom 02. November 2013 unseren Kollegen Rechtsanwalt Niklas Haberkamm als Rechtsexperten hinzugezogen und diesen zu den relevanten medienrechtlichen Problematiken interviewt. In dem Beitrag geht es unter anderem um sogenannte Tracking-Apps f\u00fcr Handys, mit welchen man ein verlorenes oder geklautes Telefon orten kann. In einem diesbez\u00fcglichen Interview [&hellip;]<\/p>\n","protected":false},"author":2,"featured_media":0,"comment_status":"open","ping_status":"closed","sticky":false,"template":"","format":"standard","meta":{"content-type":"","footnotes":""},"categories":[13,3382,1229,8],"tags":[43,2416,101,2417,268,358,446,802,1128,1286,1621,2404,2405,2406,2407,2408,2409,2410],"class_list":["post-20002","post","type-post","status-publish","format-standard","hentry","category-medienrecht-und-persoenlichkeitsrecht","category-kurioses-und-interessantes","category-social-media-recht","category-datenschutzrecht","tag-social-media","tag-fernsehinterview","tag-personlichkeitsrechtsverletzung","tag-rechtsexperte","tag-handy","tag-bildnisschutz","tag-medienrecht","tag-ard","tag-recht-am-eigenen-bild","tag-app","tag-interview","tag-tracking-app","tag-ortungsdienst","tag-fahndungsaufruf","tag-privater-fahnungsaufruf","tag-handydiebstahl","tag-bildbnisveroffentlichung","tag-foto-von-mir-im-internet"],"amp_enabled":true,"_links":{"self":[{"href":"https:\/\/www.lhr-law.de\/en\/wp-json\/wp\/v2\/posts\/20002","targetHints":{"allow":["GET"]}}],"collection":[{"href":"https:\/\/www.lhr-law.de\/en\/wp-json\/wp\/v2\/posts"}],"about":[{"href":"https:\/\/www.lhr-law.de\/en\/wp-json\/wp\/v2\/types\/post"}],"author":[{"embeddable":true,"href":"https:\/\/www.lhr-law.de\/en\/wp-json\/wp\/v2\/users\/2"}],"replies":[{"embeddable":true,"href":"https:\/\/www.lhr-law.de\/en\/wp-json\/wp\/v2\/comments?post=20002"}],"version-history":[{"count":0,"href":"https:\/\/www.lhr-law.de\/en\/wp-json\/wp\/v2\/posts\/20002\/revisions"}],"wp:attachment":[{"href":"https:\/\/www.lhr-law.de\/en\/wp-json\/wp\/v2\/media?parent=20002"}],"wp:term":[{"taxonomy":"category","embeddable":true,"href":"https:\/\/www.lhr-law.de\/en\/wp-json\/wp\/v2\/categories?post=20002"},{"taxonomy":"post_tag","embeddable":true,"href":"https:\/\/www.lhr-law.de\/en\/wp-json\/wp\/v2\/tags?post=20002"}],"curies":[{"name":"wp","href":"https:\/\/api.w.org\/{rel}","templated":true}]}}