{"id":18651,"date":"2013-07-11T07:30:35","date_gmt":"2013-07-11T06:30:35","guid":{"rendered":"https:\/\/www.lhr-law.de\/?p=18651"},"modified":"2017-04-07T11:13:22","modified_gmt":"2017-04-07T10:13:22","slug":"iwatch-ein-neues-mitglied-in-der-markenfamilie","status":"publish","type":"post","link":"https:\/\/www.lhr-law.de\/en\/magazin\/iwatch-ein-neues-mitglied-in-der-markenfamilie\/","title":{"rendered":"iWatch &#8211; ein neues Mitglied in der Markenfamilie"},"content":{"rendered":"<p><!--:de--><img decoding=\"async\" class=\"alignleft size-full wp-image-18653\" title=\"Dies ist kein Apfel.\" alt=\"\" src=\"https:\/\/www.lhr-law.de\/wp-content\/uploads\/2013\/07\/Apfel.jpg\" width=\"150\" height=\"150\" srcset=\"https:\/\/www.lhr-law.de\/wp-content\/uploads\/2013\/07\/Apfel.jpg 150w, https:\/\/www.lhr-law.de\/wp-content\/uploads\/2013\/07\/Apfel-44x44.jpg 44w, https:\/\/www.lhr-law.de\/wp-content\/uploads\/2013\/07\/Apfel-90x90.jpg 90w\" sizes=\"(max-width: 150px) 100vw, 150px\" \/>Die Berichte h\u00e4ufen sich seit Tagen (z.B. <a href=\"http:\/\/9to5mac.com\/2013\/06\/30\/apple-files-for-iwatch-trademark-in-japan-for-watchhandheld-product\/\">hier<\/a>, <a href=\"http:\/\/www.bloomberg.com\/news\/2013-07-01\/apple-seeks-to-trademark-iwatch-in-japan-for-devices.html\">hier<\/a>, <a href=\"http:\/\/www.heise.de\/mac-and-i\/meldung\/Apple-will-Marke-iWatch-auch-in-Japan-eintragen-1909032.html\">hier<\/a>): Apple m\u00f6chte den Begriff \u201eiWatch\u201c in Japan als <a href=\"https:\/\/www.lhr-law.de\/magazin\/basics-die-wortmarke\">Marke<\/a> eintragen lassen. Spekulationen \u00fcber ein eventuelles neues Produkt werden lauter. Es gibt sogar schon Vermutungen, wie die iWatch aussehen k\u00f6nnte &#8211; ohne zu wissen, ob es sie jemals geben wird.<\/p>\n<p><strong>Was lernen wir daraus?<\/strong><\/p>\n<ol>\n<li>Marken werden vor Aufnahme der Benutzung <a href=\"https:\/\/www.lhr-law.de\/magazin\/marken-und-domainrecht\/marke-anmelden-warum-und-wie\">eingetragen<\/a>. Sonst ist eventuell <a href=\"https:\/\/www.lhr-law.de\/magazin\/marken-und-domainrecht\/gorliwood-markenschutz-in-letzter-sekunde\">jemand anderes schneller<\/a>. Apple zeigt vorbildlich, wie man es macht.<\/li>\n<li>Markenfamilien sind sinnvoll, gut, begehrenswert. Auch hier hat Apple eine bemerkenswert stringente und erfolgreiche Strategie. Wir alle kennen iPad, iPod und iPhone und haben eine konkrete Vorstellung, was wir von einer iWatch erwarten.<\/li>\n<li>Marken werden m\u00f6glichst fr\u00fch eingetragen &#8211; sobald ein Marktplatz konkretisiert werden kann oder Nachahmer bef\u00fcrchtet werden m\u00fcssen. Das Gesetz hat extra hierf\u00fcr die <a href=\"https:\/\/www.lhr-law.de\/magazin\/kurioses-und-interessantes\/leipzig-ist-nicht-mehr-das-volk\">Benutzungsschonfrist<\/a> vorgesehen. Es handelt sich also gar nicht um ein besonderes Ph\u00e4nomen sondern um einen gesetzlich geregelten Standard \u2013 der leider viel zu selten genutzt wird.<\/li>\n<li>Marken ohne dazugeh\u00f6rige Produkte erzeugen Begehrlichkeiten und Neugier!<\/li>\n<li>Markeneintragungen k\u00f6nnen im Rahmen des Marketings wunderbar verwertet werden.<\/li>\n<\/ol>\n<p>(ro)<\/p>\n<p>(Bild: \u00a9 Serghei Velusceac &#8211; Fotolia.com)<!--:--><\/p>\n","protected":false},"excerpt":{"rendered":"<p>Die Berichte h\u00e4ufen sich seit Tagen (z.B. hier, hier, hier): Apple m\u00f6chte den Begriff \u201eiWatch\u201c in Japan als Marke eintragen lassen. Spekulationen \u00fcber ein eventuelles neues Produkt werden lauter. Es gibt sogar schon Vermutungen, wie die iWatch aussehen k\u00f6nnte &#8211; ohne zu wissen, ob es sie jemals geben wird. Was lernen wir daraus? Marken werden [&hellip;]<\/p>\n","protected":false},"author":4,"featured_media":18653,"comment_status":"open","ping_status":"closed","sticky":false,"template":"","format":"standard","meta":{"content-type":"","footnotes":""},"categories":[1,10,3382],"tags":[301,2268,2269,2270],"class_list":["post-18651","post","type-post","status-publish","format-standard","has-post-thumbnail","hentry","category-magazin","category-markenrecht","category-kurioses-und-interessantes","tag-markenrecht","tag-anwalt-markenrecht","tag-markenrecht-koln","tag-anwalt-markenrecht-koln"],"amp_enabled":true,"_links":{"self":[{"href":"https:\/\/www.lhr-law.de\/en\/wp-json\/wp\/v2\/posts\/18651","targetHints":{"allow":["GET"]}}],"collection":[{"href":"https:\/\/www.lhr-law.de\/en\/wp-json\/wp\/v2\/posts"}],"about":[{"href":"https:\/\/www.lhr-law.de\/en\/wp-json\/wp\/v2\/types\/post"}],"author":[{"embeddable":true,"href":"https:\/\/www.lhr-law.de\/en\/wp-json\/wp\/v2\/users\/4"}],"replies":[{"embeddable":true,"href":"https:\/\/www.lhr-law.de\/en\/wp-json\/wp\/v2\/comments?post=18651"}],"version-history":[{"count":0,"href":"https:\/\/www.lhr-law.de\/en\/wp-json\/wp\/v2\/posts\/18651\/revisions"}],"wp:featuredmedia":[{"embeddable":true,"href":"https:\/\/www.lhr-law.de\/en\/wp-json\/wp\/v2\/media\/18653"}],"wp:attachment":[{"href":"https:\/\/www.lhr-law.de\/en\/wp-json\/wp\/v2\/media?parent=18651"}],"wp:term":[{"taxonomy":"category","embeddable":true,"href":"https:\/\/www.lhr-law.de\/en\/wp-json\/wp\/v2\/categories?post=18651"},{"taxonomy":"post_tag","embeddable":true,"href":"https:\/\/www.lhr-law.de\/en\/wp-json\/wp\/v2\/tags?post=18651"}],"curies":[{"name":"wp","href":"https:\/\/api.w.org\/{rel}","templated":true}]}}