{"id":1442,"date":"2010-07-22T16:40:56","date_gmt":"2010-07-22T14:40:56","guid":{"rendered":"https:\/\/www.lhr-law.de\/lbr-blog\/?p=1442"},"modified":"2017-03-12T21:26:20","modified_gmt":"2017-03-12T20:26:20","slug":"der-wettermoderator-und-die-abwagung-zwischen-personlichkeitsrecht-und-pressefreiheit","status":"publish","type":"post","link":"https:\/\/www.lhr-law.de\/en\/magazin\/der-wettermoderator-und-die-abwagung-zwischen-personlichkeitsrecht-und-pressefreiheit\/","title":{"rendered":"Der Wettermoderator und die Abw\u00e4gung zwischen Pers\u00f6nlichkeitsrecht und Pressefreiheit"},"content":{"rendered":"<p style=\"text-align: justify\">Wie mittlerweile bekannt ist, sitzt ein bekannter Wettermoderator nun schon seit mehreren Monaten in der JVA Mannheim in Untersuchungshaft. Das Landgericht K\u00f6ln hat in dieser Zeit mehrere Verf\u00fcgungsverfahren wegen Bildnisver\u00f6ffentlichungen entschieden. Zuletzt ging es um die Frage, ob die Vervielf\u00e4ltigung und Verbreitung von Lichtbildern, auf denen der Wettermoderator beim Hofgang in der JVA zu sehen ist, rechtswidrig ist (Landgericht K\u00f6ln, Urteil vom 16.06.2010, Az. <a href=\"https:\/\/dejure.org\/dienste\/vernetzung\/rechtsprechung?Text=28%20O%20318\/10\" title=\"LG K&ouml;ln, 16.06.2010 - 28 O 318\/10: Heimlich aufgenommene Bilder vom Hofgang eines in Untersuchu...\">28 O 318\/10<\/a>, <a href=\"http:\/\/www.damm-legal.de\/lg-koeln-ein-bekannter-wettermoderator-muss-nicht-die-verbreitung-von-fotos-von-sich-in-der-jva-dulden\" target=\"_blank\">abrufbar bei den Kollegen von damm-legal<\/a>).<\/p>\n<p style=\"text-align: justify\">Das Gericht hat entschieden, dass der Wettermoderator es nicht hinnehmen muss, dass Bilder seines Hofganges ohne seine Einwilligung ver\u00f6ffentlicht werden. Das Gericht hat hierbei zwischen dem allgemeinen Pers\u00f6nlichkeitsrecht des Moderators aus <a href=\"https:\/\/dejure.org\/gesetze\/GG\/2.html\" title=\"Art. 2 GG\">Art. 2 Abs. 1<\/a>, <a href=\"https:\/\/dejure.org\/gesetze\/GG\/1.html\" title=\"Art. 1 GG\">1 Abs. 1 GG<\/a>, <a href=\"https:\/\/dejure.org\/gesetze\/MRK\/8.html\" title=\"Art. 8 MRK: Recht auf Achtung des Privat- und Familienlebens\">Art. 8 EMRK<\/a> und der Pressefreiheit gem\u00e4\u00df <a href=\"https:\/\/dejure.org\/gesetze\/GG\/5.html\" title=\"Art. 5 GG\">Art. 5 Abs. 1 GG<\/a>, <a href=\"https:\/\/dejure.org\/gesetze\/MRK\/10.html\" title=\"Art. 10 MRK: Freiheit der Meinungs&auml;u&szlig;erung\">Art. 10 Abs. 1 EMRK<\/a> abgewogen. Grunds\u00e4tzlich gilt bei Personen der Zeitgeschichte &#8211; wozu der Moderator zweifellos z\u00e4hlt, auch schon vor diesem Ermittlungsverfahren\u00a0 &#8211; eine Vermutung f\u00fcr die Zul\u00e4ssigkeit einer Berichterstattung der Presse, wenn diese zur Bildung der \u00f6ffentlichen Meinung beitragen soll. Des Weiteren ist bei einer sogenannten Verdachtsberichterstattung, bei der ein berechtigtes Interesse der \u00d6ffentlichkeit an der Berichterstattung angenommen werden kann, eine identifizierende Berichterstattung zul\u00e4ssig.<\/p>\n<p style=\"text-align: justify\">Der Bundesgerichtshof hat hierzu jedoch mehrfach in Urteilen klargestellt, dass eben nicht generell unterstellt werden kann, dass mit jeder visuellen Darstellung aus dem Privat- und Alltagsleben prominenter Personen ein Beitrag zur Meinungbildung verbunden sei, der es f\u00fcr sich allein rechtfertige, die Belange des Pers\u00f6nlichkeitsschutzes zur\u00fcckzustellen. Es ist hierbei ma\u00dfgeblich, in was f\u00fcr einer konkreten Situation der Betroffene fotografiert wird.<\/p>\n<p style=\"text-align: justify\">Und genau so verh\u00e4lt es sich hier:<\/p>\n<p style=\"text-align: justify\">Auch wenn der Innenhof der JVA nicht als sogenannter R\u00fcckzugsraum aus dem Alltagsleben eingestuft werden kann, ist er doch als ein abgeschiedener, der \u00d6ffentlichkeit nicht zug\u00e4nglicher Raum zu bewerten, der insbesondere vom Betroffenen nicht selbst gew\u00e4hlt wurde und somit gesch\u00fctzt ist. Das Gericht hat weiter in seiner Entscheidung klargestellt, dass der Nachrichtenwert dieser Bilder von untergeordneter Bedeutung ist, diese Bilder vielmehr der Befriedigung eines Sensationsinteresses dienen.<\/p>\n<p style=\"text-align: justify\">Die Abw\u00e4gung des Gerichtes zwischen den Grundrechten hat somit zur Folge, dass der Moderator gegen den Fotografen einen Unterlassungsanspruch hat.<\/p>\n<p style=\"text-align: justify\">Gerade im Presserecht zeigt sich immer wieder, dass jeder Fall aufgrund der konkreten Tatsachen genau zu pr\u00fcfen ist und durchaus auch sogenannte &#8220;Personen der Zeitgeschichte&#8221; nicht jede Berichterstattung dulden m\u00fcssen (nh).<\/p>\n<p style=\"text-align: justify\">\n<p style=\"text-align: justify\">\n<p style=\"text-align: justify\">\n<p style=\"text-align: justify\">\n<p style=\"text-align: justify\">\n<p style=\"text-align: justify\">\n","protected":false},"excerpt":{"rendered":"<p>Wie mittlerweile bekannt ist, sitzt ein bekannter Wettermoderator nun schon seit mehreren Monaten in der JVA Mannheim in Untersuchungshaft. Das Landgericht K\u00f6ln hat in dieser Zeit mehrere Verf\u00fcgungsverfahren wegen Bildnisver\u00f6ffentlichungen entschieden. Zuletzt ging es um die Frage, ob die Vervielf\u00e4ltigung und Verbreitung von Lichtbildern, auf denen der Wettermoderator beim Hofgang in der JVA zu sehen [&hellip;]<\/p>\n","protected":false},"author":7,"featured_media":0,"comment_status":"open","ping_status":"closed","sticky":false,"template":"","format":"standard","meta":{"content-type":"","footnotes":""},"categories":[1,13,3382],"tags":[],"class_list":["post-1442","post","type-post","status-publish","format-standard","hentry","category-magazin","category-medienrecht-und-persoenlichkeitsrecht","category-kurioses-und-interessantes"],"amp_enabled":true,"_links":{"self":[{"href":"https:\/\/www.lhr-law.de\/en\/wp-json\/wp\/v2\/posts\/1442","targetHints":{"allow":["GET"]}}],"collection":[{"href":"https:\/\/www.lhr-law.de\/en\/wp-json\/wp\/v2\/posts"}],"about":[{"href":"https:\/\/www.lhr-law.de\/en\/wp-json\/wp\/v2\/types\/post"}],"author":[{"embeddable":true,"href":"https:\/\/www.lhr-law.de\/en\/wp-json\/wp\/v2\/users\/7"}],"replies":[{"embeddable":true,"href":"https:\/\/www.lhr-law.de\/en\/wp-json\/wp\/v2\/comments?post=1442"}],"version-history":[{"count":0,"href":"https:\/\/www.lhr-law.de\/en\/wp-json\/wp\/v2\/posts\/1442\/revisions"}],"wp:attachment":[{"href":"https:\/\/www.lhr-law.de\/en\/wp-json\/wp\/v2\/media?parent=1442"}],"wp:term":[{"taxonomy":"category","embeddable":true,"href":"https:\/\/www.lhr-law.de\/en\/wp-json\/wp\/v2\/categories?post=1442"},{"taxonomy":"post_tag","embeddable":true,"href":"https:\/\/www.lhr-law.de\/en\/wp-json\/wp\/v2\/tags?post=1442"}],"curies":[{"name":"wp","href":"https:\/\/api.w.org\/{rel}","templated":true}]}}