{"id":13437,"date":"2012-07-10T22:00:41","date_gmt":"2012-07-10T20:00:41","guid":{"rendered":"https:\/\/www.lhr-law.de\/?p=13437"},"modified":"2017-04-07T11:45:45","modified_gmt":"2017-04-07T10:45:45","slug":"titanic-und-der-papst-wie-soll-ich-es-jetzt-sagen","status":"publish","type":"post","link":"https:\/\/www.lhr-law.de\/en\/magazin\/titanic-und-der-papst-wie-soll-ich-es-jetzt-sagen\/","title":{"rendered":"Titanic und der Papst &#8211; wie soll ich es jetzt sagen"},"content":{"rendered":"<p><!--:de--><\/p>\n<p style=\"text-align: left\"><img decoding=\"async\" class=\"alignleft\" style=\"margin-right: 15px;margin-bottom: 10px\" title=\"kein Kommentar\" src=\"https:\/\/www.lhr-law.de\/wp-content\/uploads\/2012\/07\/Fotolia_8802639_XS-Zensiert.jpg\" alt=\"kein Kommentar\" width=\"150\" height=\"150\" \/><\/p>\n<p>Die Titanic <a href=\"http:\/\/www.titanic-magazin.de\/newsticker.html?&amp;tx_ttnews[pointer]=0&amp;cHash=c7aab87072edf747cdca8abee951708a\">berichtete<\/a> heute in ihrem Newsticker \u00fcber eine neue rechtliche Auseinandersetzung. Die Titanic hat sich schon mit vielen Personen von Rang und Namen gestritten. Heute hat sie es geschafft, mit einer der wahrscheinlich prominentesten Zeitgenossen in Streit zu geraten &#8211; dem Papst h\u00f6chstpers\u00f6nlich!<\/p>\n<p>Nachdem wochenlang vertrauliche Dokumente aus dem Vatikan diversen Journalisten zugeschickt wurden, scheint jetzt der &#8220;Maulwurf&#8221; gefunden. \u00dcber diese Spitzelaff\u00e4re hat die Titanic berichtet. Die \u00dcberschrift &#8220;Halleluja im Vatikan &#8211; Die undichte Stelle ist gefunden!&#8221; erz\u00fcrnte noch nicht die Gem\u00fcter. Das dazugeh\u00f6rige Foto \u00fcberstieg jedoch die Toleranz des Papstes. Abgebildet war selbiger in einer im Bereich des Schritts gro\u00dffl\u00e4chig gelb gef\u00e4rbten Soutane.<\/p>\n<p>Der Papst f\u00fchlt sich -wohl richtiger Weise- in seinen Pers\u00f6nlichkeitsrechten verletzt und forderte zur Abgabe einer Unterlassungserkl\u00e4rung auf. Dieser Aufforderung kam die Titanic -ebenfalls richtiger Weise- nicht nach. Die Angelegenheit wird jetzt zun\u00e4chst in einem Einstweiligen Verf\u00fcgungsverfahren gekl\u00e4rt. Es ist zu erwarten, dass der Papst gewinnt. Und wir k\u00f6nnen froh sein, dass wir Magazine wie die Titanic haben, die den Mumm haben, die rechtlichen Grenzen auszuloten. (ro)<\/p>\n<p>(Bild: \u00a9 WoGi &#8211; Fotolia.com)<!--:--><!--:en--><br \/>\n<!--:--><\/p>\n","protected":false},"excerpt":{"rendered":"<p>Die Titanic berichtete heute in ihrem Newsticker \u00fcber eine neue rechtliche Auseinandersetzung. Die Titanic hat sich schon mit vielen Personen von Rang und Namen gestritten. Heute hat sie es geschafft, mit einer der wahrscheinlich prominentesten Zeitgenossen in Streit zu geraten &#8211; dem Papst h\u00f6chstpers\u00f6nlich! Nachdem wochenlang vertrauliche Dokumente aus dem Vatikan diversen Journalisten zugeschickt wurden, [&hellip;]<\/p>\n","protected":false},"author":4,"featured_media":0,"comment_status":"open","ping_status":"closed","sticky":false,"template":"","format":"standard","meta":{"content-type":"","footnotes":""},"categories":[1,13,3382],"tags":[12,1509,1510],"class_list":["post-13437","post","type-post","status-publish","format-standard","hentry","category-magazin","category-medienrecht-und-persoenlichkeitsrecht","category-kurioses-und-interessantes","tag-personlichkeitsrecht","tag-papst","tag-titanic"],"amp_enabled":true,"_links":{"self":[{"href":"https:\/\/www.lhr-law.de\/en\/wp-json\/wp\/v2\/posts\/13437","targetHints":{"allow":["GET"]}}],"collection":[{"href":"https:\/\/www.lhr-law.de\/en\/wp-json\/wp\/v2\/posts"}],"about":[{"href":"https:\/\/www.lhr-law.de\/en\/wp-json\/wp\/v2\/types\/post"}],"author":[{"embeddable":true,"href":"https:\/\/www.lhr-law.de\/en\/wp-json\/wp\/v2\/users\/4"}],"replies":[{"embeddable":true,"href":"https:\/\/www.lhr-law.de\/en\/wp-json\/wp\/v2\/comments?post=13437"}],"version-history":[{"count":0,"href":"https:\/\/www.lhr-law.de\/en\/wp-json\/wp\/v2\/posts\/13437\/revisions"}],"wp:attachment":[{"href":"https:\/\/www.lhr-law.de\/en\/wp-json\/wp\/v2\/media?parent=13437"}],"wp:term":[{"taxonomy":"category","embeddable":true,"href":"https:\/\/www.lhr-law.de\/en\/wp-json\/wp\/v2\/categories?post=13437"},{"taxonomy":"post_tag","embeddable":true,"href":"https:\/\/www.lhr-law.de\/en\/wp-json\/wp\/v2\/tags?post=13437"}],"curies":[{"name":"wp","href":"https:\/\/api.w.org\/{rel}","templated":true}]}}