{"id":1281,"date":"2010-05-03T21:32:42","date_gmt":"2010-05-03T19:32:42","guid":{"rendered":"https:\/\/www.lhr-law.de\/lbr-blog\/?p=1281"},"modified":"2010-05-03T21:32:42","modified_gmt":"2010-05-03T19:32:42","slug":"brigitte-zypries-stellt-ihre-angeblichen-ausserungen-auf-podiumsdiskussion-richtig","status":"publish","type":"post","link":"https:\/\/www.lhr-law.de\/en\/magazin\/brigitte-zypries-stellt-ihre-angeblichen-ausserungen-auf-podiumsdiskussion-richtig\/","title":{"rendered":"Brigitte Zypries stellt ihre angeblichen \u00c4usserungen auf Podiumsdiskussion richtig"},"content":{"rendered":"<div style=\"text-align: justify\">Die Hannoversche Allgemeine hatte die Ex-Bundesjustizministerin mit einer merkw\u00fcrdigen Aussage zum Thema Abmahnungen zitiert. <a href=\"https:\/\/www.lhr-law.de\/lbr-blog\/2010\/04\/frau-zypries-abmahnfirmen-fremde-katzenfotos-und-ein-mahnbescheid\/\">Wir berichteten.<\/a> <\/div>\n<p><\/p>\n<div style=\"text-align: justify\">\n  <\/div>\n<div style=\"text-align: justify\">Nun hat Frau Zypries sich mit einem Kommentar bei ins im Blog zu Wort gemeldet und teilt mit, da\u00df sie (wie von uns vermutet) falsch zitiert worden sei. <\/div>\n<div style=\"text-align: justify\">\n  <\/div>\n<p><\/p>\n<div style=\"text-align: justify\">Bei aller Kritikw\u00fcrdigkeit einer ganzen Reihe von \u00c4u\u00dferungen der Ex-Justizministerin muss man an dieser Stelle doch zweierlei auch einmal positiv hervorheben. Frau Zypries scheint erstens hinter dem zu stehen, was sie sagt, verfolgt offenbar auch die von ihr ausgel\u00f6ste Debatte genau und ist sich zweitens dann auch nicht zu schade, in einem gemeinen Blog-Artikel noch dazu auf &#8220;feindlichem Terrain&#8221; (Anw\u00e4lte scheint Frau Zypries ihen \u00c4u\u00dferungen zu Folge nicht recht zu m\u00f6gen) Stellung zu nehmen. <\/p>\n<p>Mancher Ex-Staatsbedienstete w\u00fcrde das sicher <a href=\"http:\/\/www.steinhoefel.de\/blog\/2010\/03\/post-vom-altkanzler.html\">anders<\/a> angehen. (la)<\/div>\n","protected":false},"excerpt":{"rendered":"<p>Die Hannoversche Allgemeine hatte die Ex-Bundesjustizministerin mit einer merkw\u00fcrdigen Aussage zum Thema Abmahnungen zitiert. Wir berichteten. Nun hat Frau Zypries sich mit einem Kommentar bei ins im Blog zu Wort gemeldet und teilt mit, da\u00df sie (wie von uns vermutet) falsch zitiert worden sei. Bei aller Kritikw\u00fcrdigkeit einer ganzen Reihe von \u00c4u\u00dferungen der Ex-Justizministerin muss [&hellip;]<\/p>\n","protected":false},"author":2,"featured_media":0,"comment_status":"open","ping_status":"closed","sticky":false,"template":"","format":"standard","meta":{"content-type":"","footnotes":""},"categories":[1,3382],"tags":[],"class_list":["post-1281","post","type-post","status-publish","format-standard","hentry","category-magazin","category-kurioses-und-interessantes"],"amp_enabled":true,"_links":{"self":[{"href":"https:\/\/www.lhr-law.de\/en\/wp-json\/wp\/v2\/posts\/1281","targetHints":{"allow":["GET"]}}],"collection":[{"href":"https:\/\/www.lhr-law.de\/en\/wp-json\/wp\/v2\/posts"}],"about":[{"href":"https:\/\/www.lhr-law.de\/en\/wp-json\/wp\/v2\/types\/post"}],"author":[{"embeddable":true,"href":"https:\/\/www.lhr-law.de\/en\/wp-json\/wp\/v2\/users\/2"}],"replies":[{"embeddable":true,"href":"https:\/\/www.lhr-law.de\/en\/wp-json\/wp\/v2\/comments?post=1281"}],"version-history":[{"count":0,"href":"https:\/\/www.lhr-law.de\/en\/wp-json\/wp\/v2\/posts\/1281\/revisions"}],"wp:attachment":[{"href":"https:\/\/www.lhr-law.de\/en\/wp-json\/wp\/v2\/media?parent=1281"}],"wp:term":[{"taxonomy":"category","embeddable":true,"href":"https:\/\/www.lhr-law.de\/en\/wp-json\/wp\/v2\/categories?post=1281"},{"taxonomy":"post_tag","embeddable":true,"href":"https:\/\/www.lhr-law.de\/en\/wp-json\/wp\/v2\/tags?post=1281"}],"curies":[{"name":"wp","href":"https:\/\/api.w.org\/{rel}","templated":true}]}}