{"id":1045,"date":"2010-02-01T12:04:59","date_gmt":"2010-02-01T10:04:59","guid":{"rendered":"https:\/\/www.lhr-law.de\/lbr-blog\/?p=1045"},"modified":"2017-03-12T21:26:21","modified_gmt":"2017-03-12T20:26:21","slug":"schluss-mit-anonymen-diskussionen-im-fc-brett","status":"publish","type":"post","link":"https:\/\/www.lhr-law.de\/en\/magazin\/schluss-mit-anonymen-diskussionen-im-fc-brett\/","title":{"rendered":"Schluss mit anonymen Diskussionen im FC-Brett"},"content":{"rendered":"<p style=\"text-align: justify\">In seiner Wochenendausgabe (30.\/31. Januar 2010, S. 21 \u201eDiskussion um das Forum\u201c) berichtete der K\u00f6lner Stadtanzeiger \u00fcber das Internetforum des 1. FC K\u00f6ln (<a href=\"http:\/\/www.fc-brett.de\/\">www.fc-brett.de<\/a>). Der FC plane, nur noch Forumsbeitr\u00e4ge von Vereinsmitgliedern oder registrierten Mitgliedern des Fanprojektes zu ver\u00f6ffentlichen. Wer mitschreiben m\u00f6chte ohne Mitglied zu sein, der k\u00f6nne sich nach Vorlage einer Kopie des Personalausweises registrieren lassen.<\/p>\n<p style=\"text-align: justify\">\u201eBislang erinnerte das \u201eFC-Brett\u201c an eine Stadiontrib\u00fcne, auf der Fans der unterschiedlichsten Disziplinen ihre Meinung kundtaten\u201c (aaO). Jetzt soll es raus aus der Anonymit\u00e4t gehen unter Protest und heftigster Gegenwehr der Forumsnutzer. Deshalb habe ein Fan Serverkapazit\u00e4ten zur Verf\u00fcgung gestellt. Es sei ein \u201eKlon\u201c des bisherigen Forums erstellt worden und nun sei es an anderer Stelle \u2013 au\u00dferhalb der offiziellen Vereinsseiten &#8211; auf einem Server in den USA erreichbar. \u201eDas hat mir den Glauben an das Internet zur\u00fcckgegeben, sagte ein Stamm-Nutzer am Freitag\u201c (aaO).<\/p>\n<p style=\"text-align: justify\">Auch ich habe eine Meinung zu den Ma\u00dfnahmen des FC:<\/p>\n<p style=\"text-align: justify\">Ich begl\u00fcckw\u00fcnsche den FC zu seinem Schritt und zeige vollstes Verst\u00e4ndnis. Tats\u00e4chlich d\u00fcrften die anonymen Diskussionen an das Gebr\u00fcll von Stadiontrib\u00fcnen erinnert haben. Dort sind die lauthals hinausposaunten Meinungs\u00e4u\u00dferungen gang und g\u00e4be. Im vollen Stadion geh\u00f6ren sie zu jedem Fu\u00dfballspiel dazu. Schlie\u00dflich ist nahezu jeder Stadionbesucher ein Experte in Sachen Fu\u00dfball und wei\u00df auf jede kleinste Regung der Akteure auf dem Spielfeld besseren Rat als alle anderen im Stadion. So kennen wir es und lieben es. So wird es akzeptiert.<\/p>\n<p style=\"text-align: justify\">Gl\u00fccklicherweise sind die Parolen im Stadion fl\u00fcchtig. Kaum ausgesprochen versinken sie schon unter dem Gebr\u00fcll der Fans. Im Internet sieht es anders aus. Die Kommentare in Foren verfl\u00fcchtigen sich nicht. Sie vervielf\u00e4ltigen sich sogar gerne im Netz. Und wenn dann die Grenzen der zul\u00e4ssigen Meinungs\u00e4u\u00dferung \u00fcberschritten werden, m\u00f6chte keiner die Verantwortung tragen. Dann sind die selbsternannten Experten ganz klein und unsichtbar. Da frage ich: Wo seid ihr alle? Ihr gro\u00dfen Fu\u00dfballkenner? Ihr selbsternannten besseren Schiedsrichter? Warum steht ihr nicht zu euren Stadionsmeinungen? Habt ihr Angst davor, f\u00fcr eure Parolen zur Verantwortung gezogen zu werden?<\/p>\n<p style=\"text-align: justify\">Das ist feige!<\/p>\n<p style=\"text-align: justify\">Und wenn Fans behaupten den Glauben an das Internet zu verlieren, weil nicht mehr anonymisiert beschimpft, beleidigt und verleumdet werden kann, dann scheint bei diesen Fans ein gro\u00dfer grundlegender Irrtum bez\u00fcglich des geltenden Rechts im Internet vorhanden zu sein.<\/p>\n<p style=\"text-align: justify\">Es ist ein Armutszeugnis f\u00fcr echte Fans, wenn diese nicht das R\u00fcckgrat haben, zu ihren Meinungs\u00e4u\u00dferungen zu stehen und sich stattdessen auf die vermeintliche Anonymit\u00e4t im Internet st\u00fcrzen und auf einer US-Seite verstecken m\u00f6chten. Was ist blo\u00df los mit Euch? (ro)<br \/>\n<!--[if gte mso 9]&gt;  Normal 0   21   false false false  DE X-NONE X-NONE              MicrosoftInternetExplorer4              &lt;![endif]--><!--[if gte mso 9]&gt;-->                                                                                                                                             <!--[if gte mso 10]&gt;--><\/p>\n<p><!--[endif]--><\/p>\n","protected":false},"excerpt":{"rendered":"<p>In seiner Wochenendausgabe (30.\/31. Januar 2010, S. 21 \u201eDiskussion um das Forum\u201c) berichtete der K\u00f6lner Stadtanzeiger \u00fcber das Internetforum des 1. FC K\u00f6ln (www.fc-brett.de). Der FC plane, nur noch Forumsbeitr\u00e4ge von Vereinsmitgliedern oder registrierten Mitgliedern des Fanprojektes zu ver\u00f6ffentlichen. Wer mitschreiben m\u00f6chte ohne Mitglied zu sein, der k\u00f6nne sich nach Vorlage einer Kopie des Personalausweises [&hellip;]<\/p>\n","protected":false},"author":4,"featured_media":0,"comment_status":"open","ping_status":"closed","sticky":false,"template":"","format":"standard","meta":{"content-type":"","footnotes":""},"categories":[1,13,3382],"tags":[],"class_list":["post-1045","post","type-post","status-publish","format-standard","hentry","category-magazin","category-medienrecht-und-persoenlichkeitsrecht","category-kurioses-und-interessantes"],"amp_enabled":true,"_links":{"self":[{"href":"https:\/\/www.lhr-law.de\/en\/wp-json\/wp\/v2\/posts\/1045","targetHints":{"allow":["GET"]}}],"collection":[{"href":"https:\/\/www.lhr-law.de\/en\/wp-json\/wp\/v2\/posts"}],"about":[{"href":"https:\/\/www.lhr-law.de\/en\/wp-json\/wp\/v2\/types\/post"}],"author":[{"embeddable":true,"href":"https:\/\/www.lhr-law.de\/en\/wp-json\/wp\/v2\/users\/4"}],"replies":[{"embeddable":true,"href":"https:\/\/www.lhr-law.de\/en\/wp-json\/wp\/v2\/comments?post=1045"}],"version-history":[{"count":0,"href":"https:\/\/www.lhr-law.de\/en\/wp-json\/wp\/v2\/posts\/1045\/revisions"}],"wp:attachment":[{"href":"https:\/\/www.lhr-law.de\/en\/wp-json\/wp\/v2\/media?parent=1045"}],"wp:term":[{"taxonomy":"category","embeddable":true,"href":"https:\/\/www.lhr-law.de\/en\/wp-json\/wp\/v2\/categories?post=1045"},{"taxonomy":"post_tag","embeddable":true,"href":"https:\/\/www.lhr-law.de\/en\/wp-json\/wp\/v2\/tags?post=1045"}],"curies":[{"name":"wp","href":"https:\/\/api.w.org\/{rel}","templated":true}]}}